{"id":1056,"date":"2018-06-13T14:09:36","date_gmt":"2018-06-13T14:09:36","guid":{"rendered":"http:\/\/christianschoen.com\/?p=1056"},"modified":"2022-02-07T10:41:52","modified_gmt":"2022-02-07T10:41:52","slug":"palmengarten","status":"publish","type":"post","link":"https:\/\/christianschoen.com\/?p=1056","title":{"rendered":"Palmengarten"},"content":{"rendered":"<h5><b class=\"\">Palmengarten Frankfurt,<br \/>\nTradition trifft Zukunft<br \/>\n<\/b><\/h5>\n<hr \/>\n<p>Seit Januar 2016 betreuen wir die Marke Palmengarten. Unsere Kommunikationsstrategie, die wir gemeinsam mit dem Direktor Dr. Matthias Jenny entwickeln durften, ist so\u00a0einfach, dass sie sich in drei kurzen S\u00e4tzen zusammenfassen l\u00e4sst:<\/p>\n<ul>1. Den Garten zur Stadt hin \u00f6ffnen und die Frankfurter B\u00fcrger*innen einbeziehen.<\/ul>\n<ul>2. Wir reduzieren die Plakatwerbung und setzen auf Aktionen im \u00f6ffentlichen Raum.<\/ul>\n<ul>3. Wir machen Presse und Social Media zu den tragenden S\u00e4ulen der Kommunikation.<\/ul>\n<p><\/br><br \/>\n<\/br><\/p>\n<h5><b class=\"\">Goethe wird zum Rosenkavalier<\/b><\/h5>\n<p>Den Auftakt der neuen Palmengarten-Kommunikation liefern die Werbema\u00dfnahmen f\u00fcrs Rosen- &amp; Lichterfest 2016. Die einzigartige Kombination aus\u00a0Botanik und Kultur bei dieser Veranstaltung begeistert Jahr f\u00fcr Jahr die Besucher*innen. Um die ganze Stadt schon im Vorfeld auf das bevorstehende Ereignis einzustimmen,\u00a0haben wir Frankfurt mit Rosen versch\u00f6nert. Vorhang auf!<\/p>\n<div class=\"n2-code\"><\/div>\n<p><\/a><\/p>\n<div class=\"n2-code\"><em>Styling: Blumenbar, Blumenwerkstatt und Bl\u00fctesiegel, Frankfurt<br \/>\nFotos: Alexander Paul Englert, Frankfurt und Ulrike Klaiber, Frankfur<\/em>t<\/div>\n<div class=\"n2-code\"><\/div>\n<p><\/a><br \/>\nEs ist die erste Guerillaaktion, die wir auf Basis\u00a0der neuen Kommunikationsstrategie f\u00fcr den Palmengarten entwickelt haben. Ziel ist es, auch eine j\u00fcngere Zielgruppe f\u00fcr den sch\u00f6nsten Ort Frankfurts zu begeistern. Der Ergebnis\u00a0ist \u00fcberragend:\u00a0mehr als 52.000 erreichte Personen nur \u00fcber die Facebook-Seite des Palmengartens innerhalb des Aktionszeitraums von drei Tagen. Mission accomplished!<\/p>\n<div class=\"n2-td n2-first\">\n<div class=\"n2-code\"><a href=\"http:\/\/christianschoen.com\/wp-content\/uploads\/2018\/06\/pg_rosen_facebook.png\"><img loading=\"lazy\" decoding=\"async\" class=\"alignnone size-full wp-image-1064\" src=\"http:\/\/christianschoen.com\/wp-content\/uploads\/2018\/06\/pg_rosen_facebook.png\" alt=\"\" width=\"905\" height=\"679\" \/><\/a><\/div>\n<p><\/br>\n<\/div>\n<div class=\"n2-td\"><\/div>\n<p>Aber nicht nur visuell stimmen wir Frankfurt auf das Rosen- &amp; Lichterfest ein. Auch kulinarisch k\u00f6nnen wir gemeinsam mit Margarete \u00fcberraschen. Am Wochenende vor dem Fest pr\u00e4sentieren Simon Horn und Raffaela Sch\u00f6bel ihr Rosenmen\u00fc.<\/p>\n<p><a href=\"http:\/\/christianschoen.com\/wp-content\/uploads\/2018\/06\/pg_rosen_margarete.png\"><img loading=\"lazy\" decoding=\"async\" class=\"alignnone size-full wp-image-1065\" src=\"http:\/\/christianschoen.com\/wp-content\/uploads\/2018\/06\/pg_rosen_margarete.png\" alt=\"\" width=\"905\" height=\"389\" srcset=\"https:\/\/christianschoen.com\/wp-content\/uploads\/2018\/06\/pg_rosen_margarete.png 905w, https:\/\/christianschoen.com\/wp-content\/uploads\/2018\/06\/pg_rosen_margarete-300x129.png 300w, https:\/\/christianschoen.com\/wp-content\/uploads\/2018\/06\/pg_rosen_margarete-768x330.png 768w\" sizes=\"auto, (max-width: 905px) 100vw, 905px\" \/><\/a><br \/>\n<\/br><br \/>\n<\/br><\/p>\n<div class=\"\">\n<h5><b class=\"\">Evolution statt Revolution!<br \/>\nDie Image-Kampagne f\u00fcr den Palmengarten<br \/>\n<\/b><\/h5>\n<hr \/>\n<div>Wir haben die Bildsprache und das Corporate Design der Palmengarten-Kommunikationsmittel aktualisiert.<\/div>\n<div>Im Zuge dessen sind neue Motive entstanden, die nicht nur Pflanzen zeigen, sondern auch die Frankfurter*innen direkt ansprechen und zu einem Besuch in den sch\u00f6nsten\u00a0Garten der Stadt einladen.<\/div>\n<p>&nbsp;<br \/>\n<a href=\"http:\/\/christianschoen.com\/wp-content\/uploads\/2018\/06\/Slider_Image.jpg\"><img loading=\"lazy\" decoding=\"async\" class=\"alignnone size-full wp-image-1069\" src=\"http:\/\/christianschoen.com\/wp-content\/uploads\/2018\/06\/Slider_Image.jpg\" alt=\"\" width=\"905\" height=\"625\" srcset=\"https:\/\/christianschoen.com\/wp-content\/uploads\/2018\/06\/Slider_Image.jpg 905w, https:\/\/christianschoen.com\/wp-content\/uploads\/2018\/06\/Slider_Image-300x207.jpg 300w, https:\/\/christianschoen.com\/wp-content\/uploads\/2018\/06\/Slider_Image-768x530.jpg 768w\" sizes=\"auto, (max-width: 905px) 100vw, 905px\" \/><\/a><\/div>\n<p><\/a><\/p>\n<div><\/div>\n<div><\/div>\n<div><a href=\"http:\/\/christianschoen.com\/wp-content\/uploads\/2018\/06\/Slider_Image2.jpg\"><img loading=\"lazy\" decoding=\"async\" class=\"alignnone size-full wp-image-1070\" src=\"http:\/\/christianschoen.com\/wp-content\/uploads\/2018\/06\/Slider_Image2.jpg\" alt=\"\" width=\"905\" height=\"625\" srcset=\"https:\/\/christianschoen.com\/wp-content\/uploads\/2018\/06\/Slider_Image2.jpg 905w, https:\/\/christianschoen.com\/wp-content\/uploads\/2018\/06\/Slider_Image2-300x207.jpg 300w, https:\/\/christianschoen.com\/wp-content\/uploads\/2018\/06\/Slider_Image2-768x530.jpg 768w\" sizes=\"auto, (max-width: 905px) 100vw, 905px\" \/><\/a><\/div>\n<p><\/a><\/p>\n<div><\/div>\n<div><\/div>\n<div>\n<div class=\"n2-td n2-first\">\n<div class=\"n2-code\">\n<\/a><\/p>\n<p><iframe loading=\"lazy\" src=\"https:\/\/player.vimeo.com\/video\/274898954?title=0&#038;byline=0&#038;portrait=0\" width=\"640\" height=\"360\" frameborder=\"0\" webkitallowfullscreen mozallowfullscreen allowfullscreen><\/iframe><\/a><\/p>\n<p><iframe loading=\"lazy\" src=\"https:\/\/player.vimeo.com\/video\/275588576?title=0&#038;byline=0&#038;portrait=0\" width=\"640\" height=\"360\" frameborder=\"0\" webkitallowfullscreen mozallowfullscreen allowfullscreen><\/iframe><\/p>\n<\/div>\n<\/div>\n<div class=\"n2-td\">\n<div class=\"\"><em>Fotos: Jan Steinhilber, Hamburg<\/em><\/div>\n<div class=\"\"><\/div>\n<p><\/br><br \/>\n<\/br>\n<\/div>\n<div class=\"n2-td\">\n<h5><b class=\"\">Sonderausstellung\u00a0<\/b><b class=\"\">&#8222;Lebensraum Savanne&#8220;<\/b><\/h5>\n<hr \/>\n<p>Die Inhalte der Ausstellung sind breitgef\u00e4chert und beleuchten die unterschiedlichsten Themen der Savanne. So geht es zum Beispiel um die Evolution des Menschen, um Termiten als Architekten und die Savanne als Speisekammer f\u00fcr Millionen von Menschen. Die Savanne wirft Fragen auf, die ihre Antworten in der Ausstellung finden.<\/p>\n<p><a href=\"http:\/\/christianschoen.com\/wp-content\/uploads\/2018\/06\/Savanne.gif\"><img loading=\"lazy\" decoding=\"async\" class=\"alignnone size-full wp-image-1086\" src=\"http:\/\/christianschoen.com\/wp-content\/uploads\/2018\/06\/Savanne.gif\" alt=\"\" width=\"905\" height=\"625\" \/><\/a><\/p>\n<p><a href=\"http:\/\/christianschoen.com\/wp-content\/uploads\/2018\/06\/pg_savanne_zoo.jpg\"><img loading=\"lazy\" decoding=\"async\" class=\"alignnone size-full wp-image-1088\" src=\"http:\/\/christianschoen.com\/wp-content\/uploads\/2018\/06\/pg_savanne_zoo.jpg\" alt=\"\" width=\"905\" height=\"679\" srcset=\"https:\/\/christianschoen.com\/wp-content\/uploads\/2018\/06\/pg_savanne_zoo.jpg 905w, https:\/\/christianschoen.com\/wp-content\/uploads\/2018\/06\/pg_savanne_zoo-300x225.jpg 300w, https:\/\/christianschoen.com\/wp-content\/uploads\/2018\/06\/pg_savanne_zoo-768x576.jpg 768w\" sizes=\"auto, (max-width: 905px) 100vw, 905px\" \/><\/a><br \/>\nWie sieht eigentlich die Landschaft aus, wo Giraffen vorkommen? Eine Kooperation mit dem Zoo Frankfurt: im Giraffengehege werben wir f\u00fcr die Savannen-Ausstellung im Palmengarten. Und umgekehrt: &#8222;Die Tiere der Savanne finden Sie im Zoo Frankfurt.&#8220;<\/p>\n<\/div>\n<\/div>\n<p><\/br><br \/>\n<\/br><\/p>\n<h5><b class=\"\">Es werde Licht! Die WINTERLICHTER im Palmengarten<\/b><\/h5>\n<hr \/>\n<p class=\"p1\">Von Dezember bis Januar finden im Palmengarten die allj\u00e4hrlichen WINTERLICHTER statt. Die Anlage wird bei Einbruch der Dunkelheit mit Lichtinstallationen illuminiert. Unsere\u00a0Kampagnenidee: Die Winterlichter verzaubern nicht nur den Garten, sondern strahlen auch intensiv in die Stadt hinein und beleben sie.<br \/>\nDie Reaktionen der Bu\u0308rger sind ganz unterschiedlich: Die Einen sind sichtlich u\u0308berrascht, die Anderen wissen l\u00e4ngst, wer dahinter steckt und genie\u00dfen die Extraportion Licht. Und genau das dokumentiert die Kampagne.<\/p>\n<p><\/a><\/p>\n<p class=\"p1\"><a href=\"http:\/\/christianschoen.com\/wp-content\/uploads\/2018\/06\/Winterlichter_A0.gif\"><img loading=\"lazy\" decoding=\"async\" class=\"alignnone size-full wp-image-1090\" src=\"http:\/\/christianschoen.com\/wp-content\/uploads\/2018\/06\/Winterlichter_A0.gif\" alt=\"\" width=\"905\" height=\"625\" \/><\/a><\/p>\n<p class=\"p1\"><a href=\"http:\/\/christianschoen.com\/wp-content\/uploads\/2018\/06\/Winterlichter_Megalights.gif\"><img loading=\"lazy\" decoding=\"async\" class=\"alignnone size-full wp-image-1091\" src=\"http:\/\/christianschoen.com\/wp-content\/uploads\/2018\/06\/Winterlichter_Megalights.gif\" alt=\"\" width=\"905\" height=\"640\" \/><\/a><\/p>\n<p><\/a><\/p>\n<p class=\"p1\"><em>Fotos: Alexander Paul Englert, Frankfurt am Main<\/em><\/p>\n<p>&nbsp;<\/p>\n<p class=\"p1\"><a href=\"http:\/\/christianschoen.com\/wp-content\/uploads\/2018\/06\/Winterlichter_SocialMedia.jpg\"><img loading=\"lazy\" decoding=\"async\" class=\"alignnone size-full wp-image-1093\" src=\"http:\/\/christianschoen.com\/wp-content\/uploads\/2018\/06\/Winterlichter_SocialMedia.jpg\" alt=\"\" width=\"905\" height=\"640\" srcset=\"https:\/\/christianschoen.com\/wp-content\/uploads\/2018\/06\/Winterlichter_SocialMedia.jpg 905w, https:\/\/christianschoen.com\/wp-content\/uploads\/2018\/06\/Winterlichter_SocialMedia-300x212.jpg 300w, https:\/\/christianschoen.com\/wp-content\/uploads\/2018\/06\/Winterlichter_SocialMedia-768x543.jpg 768w\" sizes=\"auto, (max-width: 905px) 100vw, 905px\" \/><\/a><\/p>\n<p class=\"p1\">Die Kampagne setzt auf Frankfurter Markenbotschafter*innen. Gleichzeitig verkn\u00fcpft sie die Ereignisse im und au\u00dferhalb des Palmengartens. So wirbt Dennis Smith nicht nur f\u00fcr die WINTERLICHTER, sondern wird auch als DJ des bevorstehenden Fr\u00fchlingsballs angek\u00fcndigt. Wir blicken \u00fcber den Gartenzaun in andere Stadtteile und schaffen Synergien zwischen Frankfurter Originalen, Frankfurter Institutionen und\u00a0ihrem beliebtesten Garten.<\/p>\n","protected":false},"excerpt":{"rendered":"<p>Palmengarten Frankfurt, Tradition trifft Zukunft Seit Januar 2016 betreuen wir die Marke Palmengarten. Unsere Kommunikationsstrategie, die wir gemeinsam mit dem Direktor Dr. Matthias Jenny entwickeln durften, ist so\u00a0einfach, dass sie sich in drei kurzen S\u00e4tzen zusammenfassen l\u00e4sst: 1. Den Garten zur Stadt hin \u00f6ffnen und die Frankfurter B\u00fcrger*innen einbeziehen. 2. Wir reduzieren die Plakatwerbung und&hellip;<\/p>\n","protected":false},"author":4,"featured_media":1058,"comment_status":"closed","ping_status":"closed","sticky":false,"template":"","format":"standard","meta":{"footnotes":""},"categories":[4],"tags":[],"class_list":["post-1056","post","type-post","status-publish","format-standard","has-post-thumbnail","hentry","category-home","post-grid-4-col","entry"],"_links":{"self":[{"href":"https:\/\/christianschoen.com\/index.php?rest_route=\/wp\/v2\/posts\/1056","targetHints":{"allow":["GET"]}}],"collection":[{"href":"https:\/\/christianschoen.com\/index.php?rest_route=\/wp\/v2\/posts"}],"about":[{"href":"https:\/\/christianschoen.com\/index.php?rest_route=\/wp\/v2\/types\/post"}],"author":[{"embeddable":true,"href":"https:\/\/christianschoen.com\/index.php?rest_route=\/wp\/v2\/users\/4"}],"replies":[{"embeddable":true,"href":"https:\/\/christianschoen.com\/index.php?rest_route=%2Fwp%2Fv2%2Fcomments&post=1056"}],"version-history":[{"count":104,"href":"https:\/\/christianschoen.com\/index.php?rest_route=\/wp\/v2\/posts\/1056\/revisions"}],"predecessor-version":[{"id":1828,"href":"https:\/\/christianschoen.com\/index.php?rest_route=\/wp\/v2\/posts\/1056\/revisions\/1828"}],"wp:featuredmedia":[{"embeddable":true,"href":"https:\/\/christianschoen.com\/index.php?rest_route=\/wp\/v2\/media\/1058"}],"wp:attachment":[{"href":"https:\/\/christianschoen.com\/index.php?rest_route=%2Fwp%2Fv2%2Fmedia&parent=1056"}],"wp:term":[{"taxonomy":"category","embeddable":true,"href":"https:\/\/christianschoen.com\/index.php?rest_route=%2Fwp%2Fv2%2Fcategories&post=1056"},{"taxonomy":"post_tag","embeddable":true,"href":"https:\/\/christianschoen.com\/index.php?rest_route=%2Fwp%2Fv2%2Ftags&post=1056"}],"curies":[{"name":"wp","href":"https:\/\/api.w.org\/{rel}","templated":true}]}}