{"id":116,"date":"2015-12-04T14:15:37","date_gmt":"2015-12-04T14:15:37","guid":{"rendered":"http:\/\/lvps5-35-242-206.dedicated.hosteurope.de\/wordpress\/?p=116"},"modified":"2025-02-03T13:06:28","modified_gmt":"2025-02-03T13:06:28","slug":"new-stuff","status":"publish","type":"post","link":"https:\/\/christianschoen.com\/?p=116","title":{"rendered":"NEUIGKEITEN"},"content":{"rendered":"\r\n<h5 class=\"wp-block-heading\"><strong>eyeye, Image Trailer<\/strong><\/h5>\r\n\r\n\r\n\r\n<p><iframe loading=\"lazy\" src=\"https:\/\/player.vimeo.com\/video\/1051183368?h=3d121f6fd7&amp;badge=0&amp;autopause=0&amp;player_id=0&amp;app_id=58479\" width=\"640\" height=\"360\" frameborder=\"0\" allowfullscreen=\"allowfullscreen\"><\/iframe><\/p>\r\n<script src=\"https:\/\/player.vimeo.com\/api\/player.js\"><\/script>\r\n\r\n\r\n\r\n<p>Nach mehr als zwei Dekaden erfolgreicher Markenkommunikation war es an der Zeit, sich neu zu erfinden. Mit eyeye hat Christian Sch\u00f6n ein weiteres Studio gegr\u00fcndet.<\/p> \r\n\r\n<p>eyeye ist Werbeagentur, modernes Labor und traditionelle Werkstatt zugleich. Hier entstehen durch die Verschmelzung von menschlicher Kreativit\u00e4t und K\u00fcnstlicher Intelligenz (KI) au\u00dfergew\u00f6hnliche Marken und Werbekampagnen. Ob kleines Unternehmen oder Global Player, eyeye glaubt daran, dass jeder die Kraft der Digitalisierung f\u00fcr sich nutzen kann, um den Anforderungen eines sich stetig wandelnden Marktes gerecht zu werden.<\/p>\r\n\r\n<br>\r\n<br>\r\n<br>\r\n\r\n\r\n<h5 class=\"wp-block-heading\"><strong>eyeye, Elephant Terrible<\/strong><\/h5>\r\n\r\n\r\n\r\n<p><iframe loading=\"lazy\" src=\"https:\/\/player.vimeo.com\/video\/1051180630?h=9575d298cc&amp;badge=0&amp;autopause=0&amp;player_id=0&amp;app_id=58479\" width=\"640\" height=\"360\" frameborder=\"0\" allowfullscreen=\"allowfullscreen\"><\/iframe><\/p><script src=\"https:\/\/player.vimeo.com\/api\/player.js\"><\/script>\r\n\r\n\r\n\r\n<p>Es ist nicht nur Christian Sch\u00f6ns erster KI-generierter Film, es ist auch der Beginn einer vielversprechenden Zusammenarbeit zwischen eyeye und AD ART Filmproduktion. Bild und Ton sind KI-generiert. Hier treffen Kreativit\u00e4t, KI und die Erfahrung einer klassischen Filmproduktion aufeinander. Augen auf, Mund zu!<\/p>\r\n\r\n<br>\r\n<br>\r\n<br>\r\n\r\n\r\n<h5 class=\"wp-block-heading\"><strong>YOURE x Sportclub Siegelbach 1894 e.V. \u2013 Gemeinsam unschlagbar!<\/strong><\/h5>\r\n\r\n\r\n\r\n<p><iframe loading=\"lazy\" src=\"https:\/\/player.vimeo.com\/video\/1051400297?h=5a75fd03ea&amp;badge=0&amp;autopause=0&amp;player_id=0&amp;app_id=58479\" width=\"640\" height=\"360\" frameborder=\"0\" allowfullscreen=\"allowfullscreen\"><\/iframe><\/p><script src=\"https:\/\/player.vimeo.com\/api\/player.js\"><\/script>\r\n\r\n\r\n\r\n<p>Leidenschaft, Teamgeist und digitale Welten verschmelzen in einem energiegeladenen Clip. Die M\u00e4dchenfu\u00dfballmannschaft der SCS zeigt eindrucksvoll, dass Gaming und Sport perfekt zusammenpassen. Zwischen rasanten Dribblings, packenden Zweik\u00e4mpfen und epischen Torjubeln wird klar: Egal ob auf dem Spielfeld oder im Game \u2013 Strategie, Reaktion und Teamplay sind der Schl\u00fcssel zum Erfolg.<\/p>\r\n\r\n<br>\r\n<br>\r\n<br>\r\n\r\n\r\n<h5 class=\"wp-block-heading\"><strong>GamesCoin, Guerilla-Aktion gamescom 2022<\/strong><\/h5>\r\n\r\n\r\n\r\n<p><iframe loading=\"lazy\" src=\"https:\/\/player.vimeo.com\/video\/1050683183?h=e95b560a64&amp;badge=0&amp;autopause=0&amp;player_id=0&amp;app_id=58479\" width=\"640\" height=\"360\" frameborder=\"0\" allowfullscreen=\"allowfullscreen\"><\/iframe><\/p><script src=\"https:\/\/player.vimeo.com\/api\/player.js\"><\/script>\r\n\r\n\r\n\r\n<p>Hallo K\u00f6ln. Hallo gamescom. Hier kommt GamesCoin.\r\nWie gelangt man als junges Start-up blitzschnell in die K\u00f6pfe von Besuchern aus aller Welt? Mit einer aufmerksamkeitsstarken Guerilla-Aktion und gezielter PR. Unsere Aktion nutzt geschickt die aktuellen Energieeinsparungsma\u00dfnahmen in Deutschland, bei denen Denkm\u00e4ler und Sehensw\u00fcrdigkeiten ab 22 Uhr nicht mehr beleuchtet werden. So k\u00f6nnen wir an zentralen Orten in K\u00f6ln erhellende Botschaften platzieren.<\/p>\r\n\r\n<br>\r\n<br>\r\n<br>\r\n\r\n\r\n<h5 class=\"wp-block-heading\"><strong>GamesCoin MOMENTUM<\/strong><\/h5>\r\n\r\n\r\n\r\n\n\t\t\t<!-- START Video Dubai REVOLUTION SLIDER 6.5.19 --><p class=\"rs-p-wp-fix\"><\/p>\n\t\t\t<rs-module-wrap id=\"rev_slider_2_1_wrapper\" data-source=\"gallery\" style=\"visibility:hidden;background:transparent;padding:0;margin:0px auto;margin-top:0;margin-bottom:0;\">\n\t\t\t\t<rs-module id=\"rev_slider_2_1\" style=\"\" data-version=\"6.5.19\">\n\t\t\t\t\t<rs-slides>\n\t\t\t\t\t\t<rs-slide style=\"position: absolute;\" data-key=\"rs-3\" data-title=\"Slide\" data-in=\"o:0;\" data-out=\"a:false;\">\n\t\t\t\t\t\t\t<img decoding=\"async\" src=\"\/\/christianschoen.com\/wp-content\/plugins\/revslider\/public\/assets\/assets\/dummy.png\" alt=\"Slide\" title=\"NEUIGKEITEN\" class=\"rev-slidebg tp-rs-img rs-lazyload\" data-lazyload=\"\/\/christianschoen.com\/wp-content\/plugins\/revslider\/public\/assets\/assets\/transparent.png\" data-no-retina>\n<!--\n\t\t\t\t\t\t\t--><rs-layer\n\t\t\t\t\t\t\t\tid=\"slider-2-slide-3-layer-0\" \n\t\t\t\t\t\t\t\tclass=\"rs-layer-video intrinsic-ignore\"\n\t\t\t\t\t\t\t\tdata-type=\"video\"\n\t\t\t\t\t\t\t\tdata-rsp_ch=\"on\"\n\t\t\t\t\t\t\t\tdata-xy=\"xo:-1px,0,-1px,-1px;yo:-10px,-8px,-7px,-7px;\"\n\t\t\t\t\t\t\t\tdata-text=\"w:normal;s:20,16,12,7;l:0,20,15,9;\"\n\t\t\t\t\t\t\t\tdata-dim=\"w:1240px,1024px,777px,479px;h:651px,537px,408px,251px;\"\n\t\t\t\t\t\t\t\tdata-video=\"ap:false;vd:100;l:true;ptimer:false;nse:f;vc:t;\"\n\t\t\t\t\t\t\t\tdata-ytid=\"2hqsA-uyTEk\"\n\t\t\t\t\t\t\t\tdata-vatr=\"version=3&amp;enablejsapi=1&amp;html5=1&amp;hd=1&amp;wmode=opaque&amp;showinfo=0&amp;rel=0&amp;origin=https:\/\/christianschoen.com;\"\n\t\t\t\t\t\t\t\tdata-frame_999=\"o:0;st:w;\"\n\t\t\t\t\t\t\t\tstyle=\"z-index:11;\"\n\t\t\t\t\t\t\t>\n\t\t\t\t\t\t\t<\/rs-layer><!--\n-->\t\t\t\t\t\t<\/rs-slide>\n\t\t\t\t\t<\/rs-slides>\n\t\t\t\t<\/rs-module>\n\t\t\t\t<script>\n\t\t\t\t\tsetREVStartSize({c: 'rev_slider_2_1',rl:[1240,1024,778,480],el:[680,468,440,280],gw:[1240,1024,778,480],gh:[680,468,440,280],type:'standard',justify:'',layout:'fullwidth',mh:\"0\"});if (window.RS_MODULES!==undefined && window.RS_MODULES.modules!==undefined && window.RS_MODULES.modules[\"revslider21\"]!==undefined) {window.RS_MODULES.modules[\"revslider21\"].once = false;window.revapi2 = undefined;if (window.RS_MODULES.checkMinimal!==undefined) window.RS_MODULES.checkMinimal()}\n\t\t\t\t<\/script>\n\t\t\t\t<script src=\"https:\/\/www.youtube.com\/iframe_api\"><\/script>\n\t\t\t<\/rs-module-wrap>\n\t\t\t<!-- END REVOLUTION SLIDER -->\n\r\n\r\n\r\n\r\n<p>Bislang wurde die bevorstehende Revolution der Spieleindustrie nur einem handverlesenen Publikum vorgestellt. MOMENTUM ist der Zeitpunkt, an dem der GamesCoin und sein \u00d6kosystem erstmalig der \u00d6ffentlichkeit vorgestellt wird. Dubai ist die erste von mehreren Stationen. Es folgen Veranstaltungen im Zuger Crypto Valley, in Berlin, New York, Los Angeles, Abu Dhabi und Riad. Bei jedem Stopp werden die G\u00e4ste \u00fcber den aktuellen Stand der Entwicklungen informiert und haben die M\u00f6glichkeit, interessante Pers\u00f6nlichkeiten aus Wirtschaft, Blockchain-Unternehmen, der Gaming-Industrie und der Kryptoszene kennenzulernen: Welcome to the world\u2019s first \u201ePlay to Own\u201c-Metaverse! Wir haben das Event-Konzept entwickelt und organisieren die Tour.<\/p>\r\n\r\n<br>\r\n<br>\r\n<br>\r\n\r\n<h5 class=\"wp-block-heading\"><strong>MAINLY MOZART 2023, Markenauftritt<\/strong><\/h5>\r\n\r\n\r\n\r\n\n\t\t\t<!-- START Video Desktop REVOLUTION SLIDER 6.5.19 --><p class=\"rs-p-wp-fix\"><\/p>\n\t\t\t<rs-module-wrap id=\"rev_slider_1_2_wrapper\" data-source=\"gallery\" style=\"visibility:hidden;background:transparent;padding:0;margin:0px auto;margin-top:0;margin-bottom:0;\">\n\t\t\t\t<rs-module id=\"rev_slider_1_2\" style=\"\" data-version=\"6.5.19\">\n\t\t\t\t\t<rs-slides>\n\t\t\t\t\t\t<rs-slide style=\"position: absolute;\" data-key=\"rs-1\" data-title=\"Slide\" data-in=\"o:0;\" data-out=\"a:false;\">\n\t\t\t\t\t\t\t<img decoding=\"async\" src=\"\/\/christianschoen.com\/wp-content\/plugins\/revslider\/public\/assets\/assets\/dummy.png\" alt=\"Slide\" title=\"NEUIGKEITEN\" class=\"rev-slidebg tp-rs-img rs-lazyload\" data-lazyload=\"\/\/christianschoen.com\/wp-content\/plugins\/revslider\/public\/assets\/assets\/transparent.png\" data-no-retina>\n<!--\n\t\t\t\t\t\t\t--><rs-layer\n\t\t\t\t\t\t\t\tid=\"slider-1-slide-1-layer-0\" \n\t\t\t\t\t\t\t\tclass=\"rs-nolc rs-layer-video intrinsic-ignore\"\n\t\t\t\t\t\t\t\tdata-type=\"video\"\n\t\t\t\t\t\t\t\tdata-rsp_ch=\"on\"\n\t\t\t\t\t\t\t\tdata-xy=\"xo:2px,1px,0,1px;yo:-12px,-9px,-4px,-3px;\"\n\t\t\t\t\t\t\t\tdata-text=\"w:normal;s:20,16,12,7;l:0,20,15,9;\"\n\t\t\t\t\t\t\t\tdata-dim=\"w:1218px,1005px,775px,476px;h:685px,565px,436px,268px;\"\n\t\t\t\t\t\t\t\tdata-video=\"vfc:true;vd:100;l:true;ptimer:false;nse:f;\"\n\t\t\t\t\t\t\t\tdata-poster=\"\/\/christianschoen.com\/wp-content\/uploads\/revslider\/video-mobile-1\/MAINLY_19zu9__04_3_layer.jpeg\"\n\t\t\t\t\t\t\t\tdata-mp4=\"\/\/christianschoen.com\/wp-content\/uploads\/revslider\/video-mobile-1\/MAINLY_19zu9__04.mp4\"\n\t\t\t\t\t\t\t\tdata-frame_999=\"o:0;st:w;\"\n\t\t\t\t\t\t\t\tstyle=\"z-index:11;\"\n\t\t\t\t\t\t\t>\n\t\t\t\t\t\t\t<\/rs-layer><!--\n-->\t\t\t\t\t\t<\/rs-slide>\n\t\t\t\t\t<\/rs-slides>\n\t\t\t\t<\/rs-module>\n\t\t\t\t<script>\n\t\t\t\t\tsetREVStartSize({c: 'rev_slider_1_2',rl:[1240,1024,778,480],el:[700,468,440,280],gw:[1240,1024,778,480],gh:[700,468,440,280],type:'standard',justify:'',layout:'fullwidth',mh:\"0\"});if (window.RS_MODULES!==undefined && window.RS_MODULES.modules!==undefined && window.RS_MODULES.modules[\"revslider12\"]!==undefined) {window.RS_MODULES.modules[\"revslider12\"].once = false;window.revapi1 = undefined;if (window.RS_MODULES.checkMinimal!==undefined) window.RS_MODULES.checkMinimal()}\n\t\t\t\t<\/script>\n\t\t\t<\/rs-module-wrap>\n\t\t\t<!-- END REVOLUTION SLIDER -->\n\r\n\r\n\r\n\r\n<p>Alte Oper Frankfurt, die Frankfurter Museums-Gesellschaft, der Hessische Rundfunk mit dem hr-Sinfonieorchester und der hr-Bigband und die Oper Frankfurt b\u00fcndeln ihre Kr\u00e4fte, und gehen 2023 mit einem neuen Festival f\u00fcr Frankfurt an den Start: <a href=\"https:\/\/mainly-mozart.de\/\" rel=\"noopener\" target=\"_blank\">MAINLY MOZART 2023<\/a>. Das Festival m\u00f6chte Wellen schlagen und neue Programmideen, innovative Konzertformate, neue Vermittlungsangebote und nat\u00fcrlich viel Musik in die Stadt tragen. Wir konzipieren und gestalten den visuellen Auftritt. <a href=\"http:\/\/vonchamier.de\/\" rel=\"noopener\" target=\"_blank\">Christoph von Chamier<\/a> animiert. <a href=\"https:\/\/www.schwarzweiss-webdesign.de\/\" rel=\"noopener\" target=\"_blank\">Erik Mateo Rojnica<\/a> erg\u00e4nzt die technische Konzeption und Realisierung. <\/p>\r\n\r\n<br>\r\n<br>\r\n<br>\r\n\r\n<h5 class=\"wp-block-heading\"><strong>SCHIRN, Kunst f\u00fcr Keinen 33\u201345<\/strong><\/h5>\r\n\r\n\r\n\r\n<p><a href=\"https:\/\/christianschoen.com\/wp-content\/uploads\/2015\/12\/schirn_kfk.png\"><img loading=\"lazy\" decoding=\"async\" src=\"https:\/\/christianschoen.com\/wp-content\/uploads\/2015\/12\/schirn_kfk.png\" alt=\"\" width=\"457\" height=\"640\" class=\"alignnone size-full wp-image-1883\" srcset=\"https:\/\/christianschoen.com\/wp-content\/uploads\/2015\/12\/schirn_kfk.png 457w, https:\/\/christianschoen.com\/wp-content\/uploads\/2015\/12\/schirn_kfk-214x300.png 214w\" sizes=\"auto, (max-width: 457px) 100vw, 457px\" \/><\/a>\r\n<\/p>\r\n\r\n\r\n\r\n<p>In den Jahren 33 bis 45 kontrol\u00adlierte das natio\u00adnal\u00adso\u00adzia\u00adlis\u00adti\u00adsche Regime das k\u00fcnst\u00adle\u00adri\u00adsche Schaf\u00adfen in Deutsch\u00adland. Insbe\u00adson\u00addere K\u00fcnst\u00adle\u00adrin\u00adnen und K\u00fcnst\u00adler, die wegen ihrer Reli\u00adgion, ihrer Herkunft oder poli\u00adti\u00adschen Einstel\u00adlung verfolgt wurden, fl\u00fcch\u00adte\u00adten vor den staat\u00adli\u00adchen Bedro\u00adhun\u00adgen. Was aber geschah mit denje\u00adni\u00adgen, die im Land blie\u00adben? Die SCHIRN beleuchtet k\u00fcnstlerische Biografien abseits des NS-Regimes. Wir haben die Werbemittel konzipiert. <\/p>\r\n\r\n<br>\r\n<br>\r\n<br>\r\n\r\n\r\n\r\n<h5 class=\"wp-block-heading\"><strong>GamesCoin\u00a0IO,\u00a0Markenauftritt<\/strong><\/h5>\r\n\r\n\r\n\r\n<p><iframe loading=\"lazy\" src=\"https:\/\/player.vimeo.com\/video\/659058452?title=0&amp;byline=0&amp;portrait=0\" width=\"640\" height=\"360\" allowfullscreen=\"allowfullscreen\"><\/iframe><\/p>\r\n\r\n\r\n\r\n<p>Play. Create. Own. GamesCoin IO ist das \u00d6kosystem f\u00fcr eine v\u00f6llig neue Gaming-Welt. Durch die Idee, die Blockchain mit der Gaming-Industrie zu verkn\u00fcpfen, schafft das Unternehmen eine revolution\u00e4re, aufregende \u00c4ra des digitalen Entertainments. Wir konzipieren und gestalten das Corporate Design, k\u00fcmmern uns im die strategische Markenkommunikation und entwickeln aktuell erste Werbemittel: <a href=\"https:\/\/gamescoin.io\/de\/\">gamescoin.io<\/a><\/p>\r\n\r\n<br>\r\n<br>\r\n<br>\r\n\r\n<h5 class=\"wp-block-heading\"><strong>Fantastische Weihnachtswelten in der Blumenbar<\/strong><\/h5>\r\n\r\n\r\n<hr class=\"wp-block-separator\" \/>\r\n\r\n<div class=\"n2-section-smartslider fitvidsignore \" data-ssid=\"31\"><div id=\"n2-ss-31-align\" class=\"n2-ss-align\"><div class=\"n2-padding\"><div id=\"n2-ss-31\" data-creator=\"Smart Slider 3\" data-responsive=\"fullwidth\" class=\"n2-ss-slider n2-ow n2-has-hover n2notransition  \">\n\n\n\n<div class=\"n2-ss-slider-controls-side\"><div class=\"n2-ss-slider-controls n2-ss-slider-controls-absolute-left\"><div style=\"--widget-offset:15px;\" class=\"n2-ss-widget nextend-arrow n2-ow-all nextend-arrow-previous  nextend-arrow-animated-fade\" data-hide-mobileportrait=\"1\" id=\"n2-ss-31-arrow-previous\" role=\"button\" aria-label=\"previous arrow\" tabindex=\"0\"><img loading=\"lazy\" decoding=\"async\" width=\"32\" height=\"32\" class=\"skip-lazy\" data-skip-lazy=\"1\" src=\"data:image\/svg+xml;base64,PHN2ZyB3aWR0aD0iMzIiIGhlaWdodD0iMzIiIHZpZXdCb3g9IjAgMCAzMiAzMiIgeG1sbnM9Imh0dHA6Ly93d3cudzMub3JnLzIwMDAvc3ZnIj4KICAgIDxwYXRoIGQ9Ik0xMS40MzMgMTUuOTkyTDIyLjY5IDUuNzEyYy4zOTMtLjM5LjM5My0xLjAzIDAtMS40Mi0uMzkzLS4zOS0xLjAzLS4zOS0xLjQyMyAwbC0xMS45OCAxMC45NGMtLjIxLjIxLS4zLjQ5LS4yODUuNzYtLjAxNS4yOC4wNzUuNTYuMjg0Ljc3bDExLjk4IDEwLjk0Yy4zOTMuMzkgMS4wMy4zOSAxLjQyNCAwIC4zOTMtLjQuMzkzLTEuMDMgMC0xLjQybC0xMS4yNTctMTAuMjkiCiAgICAgICAgICBmaWxsPSIjODE4OThkIiBvcGFjaXR5PSIxIiBmaWxsLXJ1bGU9ImV2ZW5vZGQiLz4KPC9zdmc+\" alt=\"previous arrow\"><\/div><\/div><div class=\"n2-ss-slider-wrapper-inside\">\n        <div class=\"n2-ss-slider-1 n2_ss__touch_element n2-ow\">\n            <div class=\"n2-ss-slider-2 n2-ow\">\n                                                <div class=\"n2-ss-slider-3 n2-ow\">\n\n                    <div class=\"n2-ss-slide-backgrounds n2-ow-all\"><div class=\"n2-ss-slide-background\" data-public-id=\"1\" data-mode=\"fill\"><div class=\"n2-ss-slide-background-image\" data-blur=\"0\" data-opacity=\"100\" data-x=\"50\" data-y=\"50\" data-alt=\"\" data-title=\"\"><picture class=\"skip-lazy\" data-skip-lazy=\"1\"><img decoding=\"async\" src=\"\/\/christianschoen.com\/wp-content\/uploads\/slider29\/blumenbar_xmas2021_01.jpeg\" alt=\"\" title=\"\" loading=\"lazy\" class=\"skip-lazy\" data-skip-lazy=\"1\"><\/picture><\/div><div data-color=\"RGBA(255,255,255,0)\" style=\"background-color: RGBA(255,255,255,0);\" class=\"n2-ss-slide-background-color\"><\/div><\/div><div class=\"n2-ss-slide-background\" data-public-id=\"2\" data-mode=\"fill\" aria-hidden=\"true\"><div class=\"n2-ss-slide-background-image\" data-blur=\"0\" data-opacity=\"100\" data-x=\"50\" data-y=\"50\" data-alt=\"\" data-title=\"\"><picture class=\"skip-lazy\" data-skip-lazy=\"1\"><img decoding=\"async\" src=\"\/\/christianschoen.com\/wp-content\/uploads\/slider29\/blumenbar_xmas2021_02.jpeg\" alt=\"\" title=\"\" loading=\"lazy\" class=\"skip-lazy\" data-skip-lazy=\"1\"><\/picture><\/div><div data-color=\"RGBA(255,255,255,0)\" style=\"background-color: RGBA(255,255,255,0);\" class=\"n2-ss-slide-background-color\"><\/div><\/div><\/div>                    <div class=\"n2-ss-slider-4 n2-ow\">\n                        <svg xmlns=\"http:\/\/www.w3.org\/2000\/svg\" viewBox=\"0 0 1920 700\" data-related-device=\"desktopPortrait\" class=\"n2-ow n2-ss-preserve-size n2-ss-preserve-size--slider n2-ss-slide-limiter\"><\/svg><div data-first=\"1\" data-slide-duration=\"0\" data-id=\"366\" data-slide-public-id=\"1\" data-title=\"blumenbar_xmas2021_01\" class=\"n2-ss-slide n2-ow  n2-ss-slide-366\"><div role=\"note\" class=\"n2-ss-slide--focus\" tabindex=\"-1\">blumenbar_xmas2021_01<\/div><div class=\"n2-ss-layers-container n2-ss-slide-limiter n2-ow\"><div class=\"n2-ss-layer n2-ow n-uc-wriaRX0FI0hB\" data-sstype=\"slide\" data-pm=\"default\"><\/div><\/div><\/div><div data-slide-duration=\"0\" data-id=\"367\" data-slide-public-id=\"2\" aria-hidden=\"true\" data-title=\"blumenbar_xmas2021_02\" class=\"n2-ss-slide n2-ow  n2-ss-slide-367\"><div role=\"note\" class=\"n2-ss-slide--focus\" tabindex=\"-1\">blumenbar_xmas2021_02<\/div><div class=\"n2-ss-layers-container n2-ss-slide-limiter n2-ow\"><div class=\"n2-ss-layer n2-ow n-uc-QoCdO7EvblbX\" data-sstype=\"slide\" data-pm=\"default\"><\/div><\/div><\/div>                    <\/div>\n\n                                    <\/div>\n            <\/div>\n        <\/div>\n        <div class=\"n2-ss-slider-controls n2-ss-slider-controls-absolute-center-bottom\"><div style=\"--widget-offset:10px;\" class=\"n2-ss-widget n2-ss-widget-display-hover n2-ss-control-bullet n2-ow-all n2-ss-control-bullet-horizontal\"><div class=\" nextend-bullet-bar n2-bar-justify-content-center\" role=\"group\" aria-label=\"Choose slide to display.\"><div class=\"n2-bullet n2-style-c0fe1c7a37b7b7c3cb83a8d1cde6e7ce-dot \" style=\"visibility:hidden;\"><\/div><\/div><\/div><\/div><\/div><div class=\"n2-ss-slider-controls n2-ss-slider-controls-absolute-right\"><div style=\"--widget-offset:15px;\" class=\"n2-ss-widget nextend-arrow n2-ow-all nextend-arrow-next  nextend-arrow-animated-fade\" data-hide-mobileportrait=\"1\" id=\"n2-ss-31-arrow-next\" role=\"button\" aria-label=\"next arrow\" tabindex=\"0\"><img loading=\"lazy\" decoding=\"async\" width=\"32\" height=\"32\" class=\"skip-lazy\" data-skip-lazy=\"1\" src=\"data:image\/svg+xml;base64,PHN2ZyB3aWR0aD0iMzIiIGhlaWdodD0iMzIiIHZpZXdCb3g9IjAgMCAzMiAzMiIgeG1sbnM9Imh0dHA6Ly93d3cudzMub3JnLzIwMDAvc3ZnIj4KICAgIDxwYXRoIGQ9Ik0xMC43MjIgNC4yOTNjLS4zOTQtLjM5LTEuMDMyLS4zOS0xLjQyNyAwLS4zOTMuMzktLjM5MyAxLjAzIDAgMS40MmwxMS4yODMgMTAuMjgtMTEuMjgzIDEwLjI5Yy0uMzkzLjM5LS4zOTMgMS4wMiAwIDEuNDIuMzk1LjM5IDEuMDMzLjM5IDEuNDI3IDBsMTIuMDA3LTEwLjk0Yy4yMS0uMjEuMy0uNDkuMjg0LS43Ny4wMTQtLjI3LS4wNzYtLjU1LS4yODYtLjc2TDEwLjcyIDQuMjkzeiIKICAgICAgICAgIGZpbGw9IiM4MTg5OGQiIG9wYWNpdHk9IjEiIGZpbGwtcnVsZT0iZXZlbm9kZCIvPgo8L3N2Zz4=\" alt=\"next arrow\"><\/div><\/div><\/div><\/div><ss3-loader><\/ss3-loader><\/div><\/div><div class=\"n2_clear\"><\/div><\/div>\r\n\r\n\r\n<p>Jeff Bezos, Elon Musk und jetzt auch die Blumenbar: Alle zieht es ins All. Gemeinsam mit Nicola Dworok haben wir die Motive der diesj\u00e4hrigen Weihnachtskampagne entwickelt und umgesetzt. Sie kommen gedruckt und in Form einer Social Media Kampagne zum Einsatz: Beam me up, Blumenbar!<\/p>\r\n\r\n<br>\r\n<br>\r\n<br>\r\n\r\n<h5 class=\"wp-block-heading\"><strong>LIEBESLEBEN hautnah<\/strong><\/h5>\r\n\r\n\r\n\r\n<p class=\"has-text-color has-very-dark-gray-color\">Zwei Jahre war ich f\u00fcr Das Hochhaus in K\u00f6ln als Creative Director im Einsatz und habe dort <a href=\"http:\/\/www.liebesleben.de\" target=\"_blank\" rel=\"noreferrer noopener\" aria-label=\"LIEBESLEBEN (\u00f6ffnet in neuem Tab)\"><strong>LIEBESLEBEN<\/strong><\/a>, die Initiative zur F\u00f6rderung sexueller Gesundheit der Bundeszentrale f\u00fcr gesundheitliche Aufkl\u00e4rung (BZgA), betreut. Mit vielen spannenden Projekten sensibilisiert LIEBESLEBEN f\u00fcr sexuell \u00fcbertragbare Infektionen und regt an zum offenen Dialog dar\u00fcber. Eine detaillierte Dokumentation der neuen, nationalen Kampagne gibt es auf Anfrage unter mail@christianschoen.com.<\/p>\r\n\r\n<br>\r\n<br>\r\n<br>\r\n\r\n<h5 class=\"wp-block-heading\"><strong>Frohes\u00a0Abstandhalten.\u00a0<br \/>Besinnliches\u00a0H\u00e4ndewaschen.<\/strong><\/h5>\r\n\r\n\r\n<hr class=\"wp-block-separator\" \/>\r\n\r\n\r\n<p>2020 steht alles Kopf, auch die Blumenbar. Corona macht die \u00fcbliche Adventsausstellung schier unplanbar. Trotzdem soll sie stattfinden. Irgendwie und anders als sonst. Das Motto des Jahres wird zum Motto der Ausstellung: EINFACH DAS BESTE DRAUS MACHEN.<\/p>\r\n\r\n\r\n<div class=\"n2-section-smartslider fitvidsignore \" data-ssid=\"28\" tabindex=\"0\" role=\"region\" aria-label=\"Slider\"><div id=\"n2-ss-28-align\" class=\"n2-ss-align\"><div class=\"n2-padding\"><div id=\"n2-ss-28\" data-creator=\"Smart Slider 3\" data-responsive=\"auto\" class=\"n2-ss-slider n2-ow n2-has-hover n2notransition  \"><div class=\"n2-ss-slider-controls-side\"><div class=\"n2-ss-slider-controls n2-ss-slider-controls-absolute-left\"><div style=\"--widget-offset:15px;\" class=\"n2-ss-widget nextend-arrow n2-ow-all nextend-arrow-previous  nextend-arrow-animated-fade\" data-hide-mobileportrait=\"1\" id=\"n2-ss-28-arrow-previous\" role=\"button\" aria-label=\"previous arrow\" tabindex=\"0\"><img loading=\"lazy\" decoding=\"async\" width=\"32\" height=\"32\" class=\"skip-lazy\" data-skip-lazy=\"1\" src=\"data:image\/svg+xml;base64,PHN2ZyB3aWR0aD0iMzIiIGhlaWdodD0iMzIiIHZpZXdCb3g9IjAgMCAzMiAzMiIgeG1sbnM9Imh0dHA6Ly93d3cudzMub3JnLzIwMDAvc3ZnIj4KICAgIDxwYXRoIGQ9Ik0xMS40MzMgMTUuOTkyTDIyLjY5IDUuNzEyYy4zOTMtLjM5LjM5My0xLjAzIDAtMS40Mi0uMzkzLS4zOS0xLjAzLS4zOS0xLjQyMyAwbC0xMS45OCAxMC45NGMtLjIxLjIxLS4zLjQ5LS4yODUuNzYtLjAxNS4yOC4wNzUuNTYuMjg0Ljc3bDExLjk4IDEwLjk0Yy4zOTMuMzkgMS4wMy4zOSAxLjQyNCAwIC4zOTMtLjQuMzkzLTEuMDMgMC0xLjQybC0xMS4yNTctMTAuMjkiCiAgICAgICAgICBmaWxsPSIjNzBiZGRjIiBvcGFjaXR5PSIxIiBmaWxsLXJ1bGU9ImV2ZW5vZGQiLz4KPC9zdmc+\" alt=\"previous arrow\"><\/div><\/div><div class=\"n2-ss-slider-wrapper-inside\">\n        <div class=\"n2-ss-slider-1 n2_ss__touch_element n2-ow\">\n            <div class=\"n2-ss-slider-2 n2-ow\">\n                                                <div class=\"n2-ss-slider-3 n2-ow\">\n\n                    <div class=\"n2-ss-slide-backgrounds n2-ow-all\"><div class=\"n2-ss-slide-background\" data-public-id=\"1\" data-mode=\"fit\"><div class=\"n2-ss-slide-background-image\" data-blur=\"0\" data-opacity=\"100\" data-x=\"50\" data-y=\"50\" data-alt=\"\" data-title=\"\"><picture class=\"skip-lazy\" data-skip-lazy=\"1\"><img decoding=\"async\" src=\"\/\/christianschoen.com\/wp-content\/uploads\/2021\/09\/blumenbar_2020_01-3.jpg\" alt=\"\" title=\"\" loading=\"lazy\" class=\"skip-lazy\" data-skip-lazy=\"1\"><\/picture><\/div><div data-color=\"RGBA(255,255,255,0)\" style=\"background-color: RGBA(255,255,255,0);\" class=\"n2-ss-slide-background-color\"><\/div><\/div><div class=\"n2-ss-slide-background\" data-public-id=\"2\" data-mode=\"fit\" aria-hidden=\"true\"><div class=\"n2-ss-slide-background-image\" data-blur=\"0\" data-opacity=\"100\" data-x=\"50\" data-y=\"50\" data-alt=\"\" data-title=\"\"><picture class=\"skip-lazy\" data-skip-lazy=\"1\"><img decoding=\"async\" src=\"\/\/christianschoen.com\/wp-content\/uploads\/2021\/09\/blumenbar_2020_02-3.jpg\" alt=\"\" title=\"\" loading=\"lazy\" class=\"skip-lazy\" data-skip-lazy=\"1\"><\/picture><\/div><div data-color=\"RGBA(255,255,255,0)\" style=\"background-color: RGBA(255,255,255,0);\" class=\"n2-ss-slide-background-color\"><\/div><\/div><\/div>                    <div class=\"n2-ss-slider-4 n2-ow\">\n                        <svg xmlns=\"http:\/\/www.w3.org\/2000\/svg\" viewBox=\"0 0 963 642\" data-related-device=\"desktopPortrait\" class=\"n2-ow n2-ss-preserve-size n2-ss-preserve-size--slider n2-ss-slide-limiter\"><\/svg><div data-first=\"1\" data-slide-duration=\"0\" data-id=\"341\" data-slide-public-id=\"1\" data-title=\"blumenbar_2020_01\" class=\"n2-ss-slide n2-ow  n2-ss-slide-341\"><div role=\"note\" class=\"n2-ss-slide--focus\" tabindex=\"-1\">blumenbar_2020_01<\/div><div class=\"n2-ss-layers-container n2-ss-slide-limiter n2-ow\"><div class=\"n2-ss-layer n2-ow n-uc-KIYCby8hrFbK\" data-sstype=\"slide\" data-pm=\"default\"><\/div><\/div><\/div><div data-slide-duration=\"0\" data-id=\"342\" data-slide-public-id=\"2\" aria-hidden=\"true\" data-title=\"blumenbar_2020_02\" class=\"n2-ss-slide n2-ow  n2-ss-slide-342\"><div role=\"note\" class=\"n2-ss-slide--focus\" tabindex=\"-1\">blumenbar_2020_02<\/div><div class=\"n2-ss-layers-container n2-ss-slide-limiter n2-ow\"><div class=\"n2-ss-layer n2-ow n-uc-ES2a7ApwBfOA\" data-sstype=\"slide\" data-pm=\"default\"><\/div><\/div><\/div>                    <\/div>\n\n                                    <\/div>\n            <\/div>\n        <\/div>\n        <div class=\"n2-ss-slider-controls n2-ss-slider-controls-absolute-right-center\"><div style=\"--widget-offset:15px;\" class=\"n2-ss-widget nextend-arrow n2-ow-all nextend-arrow-next  nextend-arrow-animated-fade\" data-hide-mobileportrait=\"1\" id=\"n2-ss-28-arrow-next\" role=\"button\" aria-label=\"next arrow\" tabindex=\"0\"><img loading=\"lazy\" decoding=\"async\" width=\"32\" height=\"32\" class=\"skip-lazy\" data-skip-lazy=\"1\" src=\"data:image\/svg+xml;base64,PHN2ZyB3aWR0aD0iMzIiIGhlaWdodD0iMzIiIHZpZXdCb3g9IjAgMCAzMiAzMiIgeG1sbnM9Imh0dHA6Ly93d3cudzMub3JnLzIwMDAvc3ZnIj4KICAgIDxwYXRoIGQ9Ik0xMC43MjIgNC4yOTNjLS4zOTQtLjM5LTEuMDMyLS4zOS0xLjQyNyAwLS4zOTMuMzktLjM5MyAxLjAzIDAgMS40MmwxMS4yODMgMTAuMjgtMTEuMjgzIDEwLjI5Yy0uMzkzLjM5LS4zOTMgMS4wMiAwIDEuNDIuMzk1LjM5IDEuMDMzLjM5IDEuNDI3IDBsMTIuMDA3LTEwLjk0Yy4yMS0uMjEuMy0uNDkuMjg0LS43Ny4wMTQtLjI3LS4wNzYtLjU1LS4yODYtLjc2TDEwLjcyIDQuMjkzeiIKICAgICAgICAgIGZpbGw9IiM3MGJkZGMiIG9wYWNpdHk9IjEiIGZpbGwtcnVsZT0iZXZlbm9kZCIvPgo8L3N2Zz4=\" alt=\"next arrow\"><\/div><\/div><\/div><\/div><\/div><ss3-loader><\/ss3-loader><\/div><\/div><div class=\"n2_clear\"><\/div><\/div>\r\n<br>\r\n<br>\r\n<br>\r\n\r\n<h5 class=\"wp-block-heading\"><strong>Herzklopfen in seiner sch\u00f6nsten Form<\/strong><\/h5>\r\n\r\n\r\n\r\n<p><iframe loading=\"lazy\" src=\"https:\/\/player.vimeo.com\/video\/318949796?title=0&amp;byline=0&amp;portrait=0\" width=\"640\" height=\"360\" allowfullscreen=\"allowfullscreen\"><\/iframe><\/p>\r\n\r\n\r\n\r\n<p>Fr\u00fchling ist, wenn die Natur aus Ihrem Sch\u00f6nheitsschlaf erwacht. Gemeinsam mit Fotografen und Illustratoren haben wir uns dem Ph\u00e4nomen &#8222;Fr\u00fchling&#8220; angenommen. Entstanden ist eine Hommage an die sch\u00f6nste Jahreszeit.<br \/>Im Laufe der n\u00e4chsten Wochen pr\u00e4sentieren wir Ihnen hier und auf <a href=\"https:\/\/www.instagram.com\/studiochristianschoen\/\">Instagram<\/a> die besten Ergebnisse. Ausgew\u00e4hlte Arbeiten sind auf Anfrage als Gallery Prints im Format 75 x 100 cm erh\u00e4ltlich.<\/p>\r\n\r\n\r\n\r\n<p><iframe loading=\"lazy\" src=\"https:\/\/player.vimeo.com\/video\/322579357?autoplay=1&amp;title=0&amp;byline=0&amp;portrait=0\" width=\"640\" height=\"360\" frameborder=\"0\" allowfullscreen=\"allowfullscreen\"><\/iframe><\/p>\r\n\r\n\r\n\r\n<p>Fotos: Jan Steinhilber, Hamburg<br \/>Illustration: Electric Root, Paris<br \/>Art Direction: Studio Christian Sch\u00f6n, Frankfurt<\/p>\r\n\r\n<br>\r\n<br>\r\n<br>\r\n<h5 class=\"p1\"><strong><span class=\"s1\">Fundaci\u00f3n Federico Wildermuth, Imagefilm<\/span><\/strong><\/h5>\r\n<hr \/>\r\n<p><iframe loading=\"lazy\" src=\"https:\/\/player.vimeo.com\/video\/317668919?title=0&amp;byline=0&amp;portrait=0\" width=\"640\" height=\"360\" frameborder=\"0\" allowfullscreen=\"allowfullscreen\"><\/iframe><\/p>\r\n<p>Nach vier Wochen Fotografieren und Filmen in Argentinien pr\u00e4sentieren wir jetzt stolz einen ersten Kurzfilm, der die Stiftung, ihre ehrgeizigen Ziele und das Naturschutzgebiet im Herzen der Pampa vorstellt.<\/p>\r\n<p>TEXT UND KONZEPTION: Dr. Matthias Jenny &amp; Christian Sch\u00f6n<br \/>PRODUKTION\/REGIE: Studio Christian Sch\u00f6n<br \/>KAMERA: Christian Sch\u00f6n<br \/>EDIT: Dennis Br\u00fccher<br \/>VOICE-OVER: Isaak Dentler<\/p>\r\n<br>\r\n<br>\r\n<br>\r\n<h5 class=\"p1\"><strong><span class=\"s1\">SCHIRN KUNSTHALLE FRANKFURT, K\u00f6nig der Tiere<\/span><\/strong><\/h5>\r\n<hr \/>\r\n<p><iframe loading=\"lazy\" src=\"https:\/\/player.vimeo.com\/video\/307585683?autoplay=1&amp;title=0&amp;byline=0&amp;portrait=0\" width=\"640\" height=\"346\" frameborder=\"0\" allowfullscreen=\"allowfullscreen\"><\/iframe><\/p>\r\n<p>Die SCHIRN pr\u00e4sen\u00adtiert die erste umfas\u00adsende Retro\u00adspek\u00adtive zum Leben und Werk Wilhelm Kuhnerts. Wir haben einen Kinospot entwickelt, der zu einem Besuch der Ausstellung einl\u00e4dt. Dabei verzichten wir fast ganz auf Bilder \u2013 die entstehen durch ein 360\u00b0-Sounderlebnis: Ohren auf, Mund zu!<br \/>Die Ausstellung ist noch bis zum 27. Januar 2019 zu sehen.<\/p>\r\n<br>\r\n<br>\r\n<br>\r\n<h5 class=\"p1\"><strong><span class=\"s1\">SCHIRN KUNSTHALLE FRANKFURT, Installation<\/span><\/strong><\/h5>\r\n<hr \/>\r\n<p><a href=\"http:\/\/christianschoen.com\/wp-content\/uploads\/2015\/12\/schirn_leuchter_wildnis.png\"><img loading=\"lazy\" decoding=\"async\" class=\"alignnone size-full wp-image-1314\" src=\"http:\/\/christianschoen.com\/wp-content\/uploads\/2015\/12\/schirn_leuchter_wildnis.png\" alt=\"\" width=\"963\" height=\"642\" srcset=\"https:\/\/christianschoen.com\/wp-content\/uploads\/2015\/12\/schirn_leuchter_wildnis.png 963w, https:\/\/christianschoen.com\/wp-content\/uploads\/2015\/12\/schirn_leuchter_wildnis-300x200.png 300w, https:\/\/christianschoen.com\/wp-content\/uploads\/2015\/12\/schirn_leuchter_wildnis-768x512.png 768w\" sizes=\"auto, (max-width: 963px) 100vw, 963px\" \/><\/a><\/p>\r\n<p>Ein Auftrag, \u00fcber den wir uns sehr gefreut haben: eine florale Installation im Schirncaf\u00e9, die sich mit der aktuellen Ausstellung WILDNIS besch\u00e4ftigt.<br \/>Mit viel Gr\u00fcn und elektrischen Bl\u00fcten inszenieren wir den markanten Kronleuchter neu und laden die G\u00e4ste auf einen Besuch in die WILDNIS ein.<\/p>\r\n<br>\r\n<br>\r\n<br>\r\n<h5 class=\"p1\"><strong>Botanischer Garten Frankfurt am Main, Jahresprogramm 2019<\/strong><\/h5>\r\n<hr \/>\r\n<p><a href=\"http:\/\/christianschoen.com\/wp-content\/uploads\/2015\/12\/bg_jahresprogramm2019_1.png\"><img loading=\"lazy\" decoding=\"async\" class=\"alignnone size-full wp-image-1311\" src=\"http:\/\/christianschoen.com\/wp-content\/uploads\/2015\/12\/bg_jahresprogramm2019_1.png\" alt=\"\" width=\"299\" height=\"638\" srcset=\"https:\/\/christianschoen.com\/wp-content\/uploads\/2015\/12\/bg_jahresprogramm2019_1.png 299w, https:\/\/christianschoen.com\/wp-content\/uploads\/2015\/12\/bg_jahresprogramm2019_1-141x300.png 141w\" sizes=\"auto, (max-width: 299px) 100vw, 299px\" \/><\/a><\/p>\r\n<p>Zum dritten Mal in Folge haben wir das Jahresprogramm gestaltet. Wir haben das vergangene Jahr genutzt, um die Sch\u00f6nheit des Gartens auf Film und Foto festzuhalten. So stammen erstmals alle gezeigten Aufnahmen von uns.<\/p>\r\n<br>\r\n<br>\r\n<br>\r\n<h5 class=\"p1\"><strong><span class=\"s1\">Blumenbar, Weihnachtskampagne 2018<\/span><\/strong><\/h5>\r\n<hr \/>\r\n<p><a href=\"http:\/\/christianschoen.com\/wp-content\/uploads\/2015\/12\/RZ_Weihnachtskarte_bb2018.png\"><img loading=\"lazy\" decoding=\"async\" class=\"alignnone size-full wp-image-1305\" src=\"http:\/\/christianschoen.com\/wp-content\/uploads\/2015\/12\/RZ_Weihnachtskarte_bb2018.png\" alt=\"\" width=\"457\" height=\"640\" srcset=\"https:\/\/christianschoen.com\/wp-content\/uploads\/2015\/12\/RZ_Weihnachtskarte_bb2018.png 457w, https:\/\/christianschoen.com\/wp-content\/uploads\/2015\/12\/RZ_Weihnachtskarte_bb2018-214x300.png 214w\" sizes=\"auto, (max-width: 457px) 100vw, 457px\" \/><\/a><\/p>\r\n<p>Weihnachten ist das Fest der Liebe und bewegt die Menschen weltweit. Alles muss stimmig und perfekt sein. Wir spielen in unserer Kampagne mit dem hohen Erwartungsdruck, dem Vorbereitungsstress und der Festtagshektik. Ein ironisches Augenzwinkern nimmt der ganzen Sache die Ernsthaftigkeit: HAUPTSACHE, DIE DEKO STIMMT! Und die findet man alle Jahre wieder in Frankfurts sch\u00f6nstem Blumenladen auf der Eckenheimer Landstra\u00dfe 74.<\/p>\r\n<br>\r\n<br>\r\n<br>\r\n<h5 class=\"p1\"><strong><span class=\"s1\">Fundaci\u00f3n Federico Wildermuth, Markenanalyse und Kommunikation<\/span><\/strong><\/h5>\r\n<hr \/>\r\n<p><a href=\"http:\/\/christianschoen.com\/wp-content\/uploads\/2015\/12\/news_argentinien.jpg\"><img loading=\"lazy\" decoding=\"async\" class=\"alignnone size-full wp-image-1299\" src=\"http:\/\/christianschoen.com\/wp-content\/uploads\/2015\/12\/news_argentinien.jpg\" alt=\"\" width=\"905\" height=\"679\" srcset=\"https:\/\/christianschoen.com\/wp-content\/uploads\/2015\/12\/news_argentinien.jpg 905w, https:\/\/christianschoen.com\/wp-content\/uploads\/2015\/12\/news_argentinien-300x225.jpg 300w, https:\/\/christianschoen.com\/wp-content\/uploads\/2015\/12\/news_argentinien-768x576.jpg 768w\" sizes=\"auto, (max-width: 905px) 100vw, 905px\" \/><\/a><\/p>\r\n<p>Die traditionsreiche Familienstiftung betreut ein Naturschutzgebiet in der argentinischen Provinz Santa Fe. Es ist uns eine Ehre, Dr. Matthias Jenny und seine Familie bei diesem Projekt beraten und unterst\u00fctzen zu d\u00fcrfen. Den Auftakt der Zusammenarbeit liefert eine Dokumentation der Begebenheiten vor Ort als Basis f\u00fcr die Weiterentwicklung der ehrgeizigen Stiftungsziele.<br \/>Wir freuen uns auf Argentinien, die Schweiz und eine gute Zusammenarbeit.<\/p>\r\n<br>\r\n<br>\r\n<br>\r\n<h5 class=\"p1\"><strong><span class=\"s1\">Fachhochschule Mainz, Ich bin ein Alien<\/span><\/strong><\/h5>\r\n<hr \/>\r\n<p><a href=\"http:\/\/christianschoen.com\/wp-content\/uploads\/2015\/12\/slider_china_0003_Ebene13-1.jpeg\"><img loading=\"lazy\" decoding=\"async\" class=\"alignnone size-full wp-image-1294\" src=\"http:\/\/christianschoen.com\/wp-content\/uploads\/2015\/12\/slider_china_0003_Ebene13-1.jpeg\" alt=\"\" width=\"905\" height=\"679\" srcset=\"https:\/\/christianschoen.com\/wp-content\/uploads\/2015\/12\/slider_china_0003_Ebene13-1.jpeg 905w, https:\/\/christianschoen.com\/wp-content\/uploads\/2015\/12\/slider_china_0003_Ebene13-1-300x225.jpeg 300w, https:\/\/christianschoen.com\/wp-content\/uploads\/2015\/12\/slider_china_0003_Ebene13-1-768x576.jpeg 768w\" sizes=\"auto, (max-width: 905px) 100vw, 905px\" \/><\/a><\/p>\r\n<p>Ein Gastvortrag im Sommersemester 2018 an der FH Mainz gibt einen Einblick in die interkulturelle Arbeit eines Kommunikationsdesigners im Reich der Mitte. Er beschreibt den Wirtschaftsboom und den daraus resultierenden Wandel im Alltag der Menschen. Er beleuchtet das neue China und versucht, es f\u00fcr einen Moment erlebbar zu machen.<\/p>\r\n<br>\r\n<br>\r\n<br>\r\n<h5 class=\"p1\"><strong><span class=\"s1\">Stiftung Palmengarten und Botanischer Garten, Fr\u00fchlingsball 2018<\/span><\/strong><\/h5>\r\n<hr \/>\r\n<p><iframe loading=\"lazy\" src=\"https:\/\/player.vimeo.com\/video\/258077281?title=0&amp;byline=0&amp;portrait=0\" width=\"640\" height=\"272\" frameborder=\"0\" allowfullscreen=\"allowfullscreen\"><\/iframe><\/p>\r\n<p>Wir haben versprochen, dass in der Ballnacht nicht nur die Sterne glitzern werden. Hier ist der Beweis! Vielen Dank an alle G\u00e4ste, Partner und Sponsoren, die diese Veranstaltung gemeinsam mit uns zu einer rauschenden Ballnacht gemacht haben. Ganz besonders m\u00f6chten wir uns bei der <em>Stiftung Palmengarten und Botanischer Garten<\/em> f\u00fcr das Vertrauen in unsere Arbeit bedanken. Wir durften Gas geben.<\/p>\r\n<br>\r\n<br>\r\n<br>\r\n<h5 class=\"p1\"><strong><span class=\"s1\">Fachhochschule Mainz, Workshop #OMG, #WTF<\/span><\/strong><\/h5>\r\n<hr \/>\r\n<p><a href=\"http:\/\/christianschoen.com\/wp-content\/uploads\/2015\/12\/fhmainz_01.png\"><img loading=\"lazy\" decoding=\"async\" class=\"alignnone size-full wp-image-631\" src=\"http:\/\/christianschoen.com\/wp-content\/uploads\/2015\/12\/fhmainz_01.png\" alt=\"\" width=\"452\" height=\"458\" srcset=\"https:\/\/christianschoen.com\/wp-content\/uploads\/2015\/12\/fhmainz_01.png 452w, https:\/\/christianschoen.com\/wp-content\/uploads\/2015\/12\/fhmainz_01-296x300.png 296w\" sizes=\"auto, (max-width: 452px) 100vw, 452px\" \/><\/a><\/p>\r\n<p>Klassische Werbung war gestern. Aber wie kommuniziert man heute?<br \/>In einem Workshop stellen wir den Studierenden unsere Arbeiten vor und entwickeln gemeinsam neue Kommunikationswege.<\/p>\r\n<br>\r\n<br>\r\n<br>\r\n<h5 class=\"p1\"><strong><span class=\"s1\">Botanischer Garten Frankfurt am Main, Corporate Design<\/span><\/strong><\/h5>\r\n<hr \/>\r\n<p><iframe loading=\"lazy\" src=\"https:\/\/player.vimeo.com\/video\/240742882?title=0&amp;byline=0&amp;portrait=0\" width=\"640\" height=\"640\" frameborder=\"0\" allowfullscreen=\"allowfullscreen\"><\/iframe><\/p>\r\n<p>Wir arbeiten seit einiger Zeit an einem Projekt, das Teile des Botanischen Gartens Frankfurt am Main auch f\u00fcr blinde und sehbehinderte Besucherinnen und Besucher erlebbar machen wird. Im Zuge dessen d\u00fcrfen wir auch das bestehende Corporate Design \u00fcberarbeiten. Hier ist unser neues Logo f\u00fcr den Botanischen Garten Frankfurt am Main. H\u00f6ren Sie einfach mal rein.<\/p>\r\n<br>\r\n<br>\r\n<br>\r\n<h5 class=\"p1\"><strong><span class=\"s1\">Stiftung Palmengarten und Botanischer Garten, Fr\u00fchlingsball 2018<\/span><\/strong><\/h5>\r\n<hr \/>\r\n<p><iframe loading=\"lazy\" src=\"https:\/\/player.vimeo.com\/video\/240071406?loop=1&amp;title=0&amp;byline=0&amp;portrait=0\" width=\"640\" height=\"360\" frameborder=\"0\" allowfullscreen=\"allowfullscreen\"><\/iframe><\/p>\r\n<p>Fr\u00fchlingsgef\u00fchle in bester Gesellschaft: Nachdem wir bei den letzten drei Fr\u00fchlingsb\u00e4llen bereits die Kommunikation und das Design entwickeln und dem Ball sein unverwechselbares Gesicht geben durften, \u00fcbernehmen wir nun bei der 5. Benefizgala auch die kreative Federf\u00fchrung f\u00fcr das Gesamtkonzept.<\/p>\r\n<p>Der Fr\u00fchlingsball findet am 24. Februar 2018 statt. Tickets und weitere Informationen gibt es unter <a href=\"http:\/\/www.fruehlingsball-palmengarten.de\">fruehlingsball-palmengarten.de<\/a> und auf <a href=\"http:\/\/www.facebook.com\/fruehlingsballfrankfurt\/\">Facebook<\/a>.<\/p>\r\n<br>\r\n<br>\r\n<br>\r\n<h5 class=\"p1\"><strong><span class=\"s1\">SCHIRN KUNSTHALLE FRANKFURT, DIORAMA<\/span><\/strong><\/h5>\r\n<hr \/>\r\n<p><a href=\"http:\/\/christianschoen.com\/wp-content\/uploads\/2015\/12\/diorama_news.png\"><img loading=\"lazy\" decoding=\"async\" class=\"alignnone size-full wp-image-583\" src=\"http:\/\/christianschoen.com\/wp-content\/uploads\/2015\/12\/diorama_news.png\" alt=\"\" width=\"452\" height=\"640\" srcset=\"https:\/\/christianschoen.com\/wp-content\/uploads\/2015\/12\/diorama_news.png 452w, https:\/\/christianschoen.com\/wp-content\/uploads\/2015\/12\/diorama_news-212x300.png 212w\" sizes=\"auto, (max-width: 452px) 100vw, 452px\" \/><\/a><br \/>Wir freuen uns \u00fcber einen Folgeauftrag aus der SCHIRN.<br \/>&#8222;DIORAMA \u2013 Erfindung einer Illusion&#8220; ist der Titel einer neuen Ausstellung, die bis zum 21. Januar 2018 laufen wird. Im Zentrum steht das Diorama, das Ereignisse, Geschichten und Lebensr\u00e4ume scheinbar wirklichkeitsgetreu arrangiert. Zu sehen sind raumgreifende Installationen, zeitgen\u00f6ssische Dioramen, Fotografien und Filme. Wir entwickeln die klassischen Kommunikationsmittel und erg\u00e4nzende Aktionen im \u00f6ffentlichen Raum.<\/p>\r\n<br>\r\n<br>\r\n<br>\r\n<h5 class=\"p1\"><strong><span class=\"s1\">Palmengarten,\u00a0Musik im Palmengarten<\/span><\/strong><\/h5>\r\n<hr \/>\r\n<p><a href=\"http:\/\/christianschoen.com\/wp-content\/uploads\/2015\/12\/musik_news.jpg\"><img loading=\"lazy\" decoding=\"async\" class=\"alignnone size-full wp-image-544\" src=\"http:\/\/christianschoen.com\/wp-content\/uploads\/2015\/12\/musik_news.jpg\" alt=\"\" width=\"452\" height=\"640\" srcset=\"https:\/\/christianschoen.com\/wp-content\/uploads\/2015\/12\/musik_news.jpg 452w, https:\/\/christianschoen.com\/wp-content\/uploads\/2015\/12\/musik_news-212x300.jpg 212w\" sizes=\"auto, (max-width: 452px) 100vw, 452px\" \/><\/a><\/p>\r\n<p>Rechtzeitig zum Saisonstart der erfolgreichen Serie &#8222;Musik im Palmengarten&#8220; haben wir f\u00fcr 2017 ein neues Key Visual entwickelt. Kommt vorbei und genie\u00dft mit uns Blumen und Noten.<\/p>\r\n<br>\r\n<br>\r\n<br>\r\n<h5><strong><span class=\"s1\">Palmengarten,\u00a0Neophyten<\/span><\/strong><\/h5>\r\n<hr \/>\r\n<p><a href=\"http:\/\/christianschoen.com\/wp-content\/uploads\/2015\/12\/neophyten_news.jpg\"><img loading=\"lazy\" decoding=\"async\" class=\"alignnone size-full wp-image-540\" src=\"http:\/\/christianschoen.com\/wp-content\/uploads\/2015\/12\/neophyten_news.jpg\" alt=\"\" width=\"452\" height=\"640\" srcset=\"https:\/\/christianschoen.com\/wp-content\/uploads\/2015\/12\/neophyten_news.jpg 452w, https:\/\/christianschoen.com\/wp-content\/uploads\/2015\/12\/neophyten_news-212x300.jpg 212w\" sizes=\"auto, (max-width: 452px) 100vw, 452px\" \/><\/a><\/p>\r\n<p class=\"p1\"><span class=\"s1\">Gewandert, mitgereist, ausgeb\u00fcchst, verwurzelt, benachbart, essbar, international, problematisch, erforscht \u2013 \u00fcber Neophyten gibt es viel zu berichten.<\/span> Aber was sind Neophyten eigentlich genau? Es sind Pflanzenarten, die von weit her zu uns gekommen sind und sich bei uns etabliert haben. Manche wurden absichtlich als Zier- oder<br \/>Nutzpflanzen eingef\u00fchrt, andere unbeabsichtigt\u00a0<span class=\"s1\">mit Getreide, Saatgut, Wolle und anderen\u00a0<\/span>G\u00fctern eingeschleppt. Die Ausstellung zeigt diese neue spannende <span class=\"s1\">Pflanzenwelt mit ihren positiven und negativen Aspekten. <\/span><\/p>\r\n<p class=\"p1\">Wir entwickeln die Kommunikationsmittel zur Ausstellung.<\/p>\r\n<p><em>Illustration: Andre Levi aka ZHION<\/em><\/p>\r\n<br>\r\n<br>\r\n<br>\r\n<h5 class=\"p1\"><strong><span class=\"s1\">Alte Oper Frankfurt \/ Palmengarten,\u00a0Rosenserenade<\/span><\/strong><\/h5>\r\n<hr \/>\r\n<p><a href=\"http:\/\/christianschoen.com\/wp-content\/uploads\/2015\/12\/pg_rosenserenade_2017.jpg\"><img loading=\"lazy\" decoding=\"async\" class=\"alignnone size-full wp-image-538\" src=\"http:\/\/christianschoen.com\/wp-content\/uploads\/2015\/12\/pg_rosenserenade_2017.jpg\" alt=\"\" width=\"452\" height=\"640\" srcset=\"https:\/\/christianschoen.com\/wp-content\/uploads\/2015\/12\/pg_rosenserenade_2017.jpg 452w, https:\/\/christianschoen.com\/wp-content\/uploads\/2015\/12\/pg_rosenserenade_2017-212x300.jpg 212w\" sizes=\"auto, (max-width: 452px) 100vw, 452px\" \/><\/a><\/p>\r\n<p class=\"p1\">Am 14. Juni 2017 erwartet die Besucherinnen und Besucher des Palmengartens eine faszinierende Mischung aus Farben, <span class=\"s1\">D\u00fcften und Kl\u00e4ngen. Anl\u00e4sslich der gro\u00dfen Rosen-Ausstellung <\/span>laden der Palmengarten und die Alte Oper Frankfurt\u00a0<span class=\"s1\">zur 2. Rosenserenade im Gesellschaftshaus\u00a0ein.\u00a0<\/span><span class=\"s2\">Wir gestalten die Kommunikationsmittel und entwickeln Werbema\u00dfnahmen im Bereich Social Media.<\/span><\/p>\r\n<br>\r\n<br>\r\n<br>\r\n<h5 class=\"p1\"><strong><span class=\"s1\">Deutsche Gesellschaft f\u00fcr Internationale Zusammenarbeit (GIZ) GmbH, \u00a1M\u00e9xico!<\/span><\/strong><\/h5>\r\n<hr \/>\r\n<p><a href=\"http:\/\/christianschoen.com\/wp-content\/uploads\/2015\/12\/mexiko_plakat.jpg\"><img loading=\"lazy\" decoding=\"async\" class=\"alignnone size-full wp-image-530\" src=\"http:\/\/christianschoen.com\/wp-content\/uploads\/2015\/12\/mexiko_plakat.jpg\" alt=\"\" width=\"452\" height=\"640\" srcset=\"https:\/\/christianschoen.com\/wp-content\/uploads\/2015\/12\/mexiko_plakat.jpg 452w, https:\/\/christianschoen.com\/wp-content\/uploads\/2015\/12\/mexiko_plakat-212x300.jpg 212w\" sizes=\"auto, (max-width: 452px) 100vw, 452px\" \/><\/a><\/p>\r\n<p class=\"p1\"><span class=\"s2\">Im Auftrag der GIZ haben wir eine Ausstellung und begleitende Kommunikationsma\u00dfnahmen entwickelt, die einen Einblick in den Naturreichtum Mexikos geben. Gezeigt werden die Siegerarbeiten eines nationalen Naturfotografiewettbewerbs der mexikanischen Biodiversit\u00e4tskommission CONABIO und eine <\/span>Dokumentation \u00fcber den Monarchfalter. Herzlich willkommen<span class=\"s2\">\u00a0in einem der sch\u00f6nsten L\u00e4nder Lateinamerikas!<\/span><\/p>\r\n<p><em>Fotograf: \u00a0<span class=\"s1\">Javier Hinojosa \/ CONABIO-Fotodatenbank<\/span><\/em><\/p>\r\n<br>\r\n<br>\r\n<br>\r\n<h5><b class=\"\">Palmengarten Frankfurt,\u00a0Gr\u00fcne B\u00f6rse<\/b><\/h5>\r\n<hr \/>\r\n<p><a href=\"http:\/\/christianschoen.com\/wp-content\/uploads\/2015\/12\/gru\u0308nebo\u0308rse2017-e1626598531187.jpg\"><img loading=\"lazy\" decoding=\"async\" class=\"alignnone size-full wp-image-500\" src=\"http:\/\/christianschoen.com\/wp-content\/uploads\/2015\/12\/gru\u0308nebo\u0308rse2017-e1626598531187.jpg\" alt=\"\" width=\"452\" height=\"640\" srcset=\"https:\/\/christianschoen.com\/wp-content\/uploads\/2015\/12\/gru\u0308nebo\u0308rse2017-e1626598531187.jpg 452w, https:\/\/christianschoen.com\/wp-content\/uploads\/2015\/12\/gru\u0308nebo\u0308rse2017-e1626598531187-212x300.jpg 212w\" sizes=\"auto, (max-width: 452px) 100vw, 452px\" \/><\/a><\/p>\r\n<p>Mit der GR\u00dcNEN B\u00d6RSE\u00a0stimmt der Palmengarten auf den Fr\u00fchling und die kommende Garten- und Balkonsaison ein. Die Verkaufsausstellung lockt die Menschen ins Freie und gibt Anregungen zur Bepflanzung der eigenen Blumenbeete und Balkonk\u00e4sten. Es ist Fr\u00fchling: Alles will raus, alles muss raus!<\/p>\r\n<p><em>Fotograf: Jan Steinhilber, \u00a0Hamburg<\/em><\/p>\r\n<br>\r\n<br>\r\n<br>\r\n<h5><b class=\"\">Palmengarten Frankfurt,\u00a0Fr\u00fchling<\/b><\/h5>\r\n<hr \/>\r\n<p><a href=\"http:\/\/christianschoen.com\/wp-content\/uploads\/2015\/12\/pg_fru\u0308hling.jpg\"><img loading=\"lazy\" decoding=\"async\" class=\"alignnone wp-image-519 size-full\" src=\"http:\/\/christianschoen.com\/wp-content\/uploads\/2015\/12\/pg_fru\u0308hling.jpg\" alt=\"\" width=\"452\" height=\"640\" srcset=\"https:\/\/christianschoen.com\/wp-content\/uploads\/2015\/12\/pg_fru\u0308hling.jpg 452w, https:\/\/christianschoen.com\/wp-content\/uploads\/2015\/12\/pg_fru\u0308hling-212x300.jpg 212w\" sizes=\"auto, (max-width: 452px) 100vw, 452px\" \/><\/a><\/p>\r\n<p>Manchmal muss man nicht viel erkl\u00e4ren. Fr\u00fchling im Palmengarten. JETZT!<\/p>\r\n<p><em>Fotograf: \u00a0Jan Steinhilber, Hamburg<\/em><\/p>\r\n<br>\r\n<br>\r\n<br>\r\n<h5><b class=\"\">Gr\u00fcne So\u00dfe Festival GmbH, 1. Gr\u00fcne So\u00dfe Tag<\/b><\/h5>\r\n<hr \/>\r\n<p><a href=\"http:\/\/christianschoen.com\/wp-content\/uploads\/2017\/03\/GST_2_CD.jpg\"><img loading=\"lazy\" decoding=\"async\" class=\"alignnone size-full wp-image-497\" src=\"http:\/\/christianschoen.com\/wp-content\/uploads\/2017\/03\/GST_2_CD.jpg\" alt=\"gst_2_cd\" width=\"640\" height=\"436\" srcset=\"https:\/\/christianschoen.com\/wp-content\/uploads\/2017\/03\/GST_2_CD.jpg 640w, https:\/\/christianschoen.com\/wp-content\/uploads\/2017\/03\/GST_2_CD-300x204.jpg 300w\" sizes=\"auto, (max-width: 640px) 100vw, 640px\" \/><\/a><a href=\"http:\/\/christianschoen.com\/wp-content\/uploads\/2015\/12\/fb2017_TEASERplakat.jpg\"><br \/><\/a>Maja Wolff und Torsten M\u00fcller, Initiatoren des mittlerweile international bekannten Gr\u00fcne So\u00dfe Festivals, haben eine Idee: Am 22. Juni 2017 soll ganz Frankfurt sein Kultgericht feiern \u2013 die Gr\u00fcne So\u00dfe. Mitmachen kann jeder. Mitessen erst recht.<br \/>Wir haben die Basis f\u00fcr Kommunikationsma\u00dfnahmen entwickelt und neben einem\u00a0Logo auch ein Corporate Design konzipiert. Jeder\u00a0darf es individuell nutzen und trotzdem verbindet es in Summe alle Aktivit\u00e4ten rund um den 1. Gr\u00fcne So\u00dfe Tag. Bist Du dabei?<\/p>\r\n<br>\r\n<br>\r\n<br>\r\n<h5><b class=\"\">SCHIRN KUNSTHALLE FRANKFURT,\u00a0<\/b><b class=\"\">Richard Gerstl<\/b><\/h5>\r\n<hr \/>\r\n<p><a href=\"http:\/\/christianschoen.com\/wp-content\/uploads\/2015\/12\/Gerstl_Plakat_A1.jpg\"><img loading=\"lazy\" decoding=\"async\" class=\"alignnone size-full wp-image-492\" src=\"http:\/\/christianschoen.com\/wp-content\/uploads\/2015\/12\/Gerstl_Plakat_A1.jpg\" alt=\"gerstl_plakat_a1\" width=\"452\" height=\"640\" srcset=\"https:\/\/christianschoen.com\/wp-content\/uploads\/2015\/12\/Gerstl_Plakat_A1.jpg 452w, https:\/\/christianschoen.com\/wp-content\/uploads\/2015\/12\/Gerstl_Plakat_A1-212x300.jpg 212w\" sizes=\"auto, (max-width: 452px) 100vw, 452px\" \/><\/a><a href=\"http:\/\/christianschoen.com\/wp-content\/uploads\/2015\/12\/fb2017_TEASERplakat.jpg\"><br \/><\/a>Richard Gerstl gilt als \u00d6sterreichs erster Expressionist. F\u00fcr viele ist er immer noch ein Geheimtipp, dem die SCHIRN nun eine Retrospektive widmet. Wir durften die Werbemittel gestalten und Ideen\u00a0f\u00fcr die Kommunikation entwickeln \u2013 und ganz nebenbei endlich mal wieder eine Schrift entwerfen.<\/p>\r\n<p class=\"p1\"><em>Richard Gerstl, Selbstbildnis als Halbakt, 1902\/04, Foto \u00a9 Leopold Museum, Wien<\/em><\/p>\r\n<br>\r\n<br>\r\n<br>\r\n<h5 class=\"p1\"><strong>Stiftung Palmengarten und Botanischer Garten, Social Media f\u00fcr den\u00a0Fr\u00fchlingsball 2017<\/strong><\/h5>\r\n<hr \/>\r\n<p><a href=\"http:\/\/christianschoen.com\/wp-content\/uploads\/2015\/12\/fb2017_facebook.jpg\"><img loading=\"lazy\" decoding=\"async\" class=\"alignnone size-full wp-image-503\" src=\"http:\/\/christianschoen.com\/wp-content\/uploads\/2015\/12\/fb2017_facebook.jpg\" alt=\"\" width=\"452\" height=\"640\" srcset=\"https:\/\/christianschoen.com\/wp-content\/uploads\/2015\/12\/fb2017_facebook.jpg 452w, https:\/\/christianschoen.com\/wp-content\/uploads\/2015\/12\/fb2017_facebook-212x300.jpg 212w\" sizes=\"auto, (max-width: 452px) 100vw, 452px\" \/><\/a><br \/>Nachdem wir zum dritten Mal in Folge den visuellen Auftritt und die klassische Kommunikation f\u00fcr eines der wichtigsten\u00a0gesellschaftlichen Highlights in Frankfurt betreuen d\u00fcrfen, konnten wir nun auch mit unserem Konzept im Bereich Social Media \u00fcberzeugen. Like? Like!<\/p>\r\n<br>\r\n<br>\r\n<br>\r\n<h5><b class=\"\">Palmengarten Frankfurt,\u00a0Kamelien<\/b><\/h5>\r\n<hr \/>\r\n<p><a href=\"http:\/\/christianschoen.com\/wp-content\/uploads\/2015\/12\/pg_kamelien.jpg\"><img loading=\"lazy\" decoding=\"async\" class=\"alignnone size-full wp-image-484\" src=\"http:\/\/christianschoen.com\/wp-content\/uploads\/2015\/12\/pg_kamelien.jpg\" alt=\"pg_kamelien\" width=\"452\" height=\"640\" srcset=\"https:\/\/christianschoen.com\/wp-content\/uploads\/2015\/12\/pg_kamelien.jpg 452w, https:\/\/christianschoen.com\/wp-content\/uploads\/2015\/12\/pg_kamelien-212x300.jpg 212w\" sizes=\"auto, (max-width: 452px) 100vw, 452px\" \/><\/a><\/p>\r\n<p>Ab dem 26. Januar 2017 zeigt der Palmengarten seine Kameliensammlung. Es ist die erste Blumenschau im neuen Jahr.\u00a0Wir schlie\u00dfen mit dem Kommunikationspaket f\u00fcr diese Ausstellung das Jahr 2016 erfolgreich ab. Herzlichen Dank an alle Kunden, Gesch\u00e4ftspartner und Freunde. Wir freuen uns auf ein gemeinsames, spannendes 2017.<\/p>\r\n<p><em>Fotograf: \u00a0Jan Steinhilber, Hamburg<\/em><\/p>\r\n<br>\r\n<br>\r\n<br>\r\n<h5><b class=\"\">Palmengarten Frankfurt, WINTERLICHTER\u00a02016\/17<\/b><\/h5>\r\n<hr \/>\r\n<p><a href=\"http:\/\/christianschoen.com\/wp-content\/uploads\/2015\/12\/giphy_winterlichter_2.gif\"><img loading=\"lazy\" decoding=\"async\" class=\"alignnone size-full wp-image-482\" src=\"http:\/\/christianschoen.com\/wp-content\/uploads\/2015\/12\/giphy_winterlichter_2.gif\" alt=\"giphy_winterlichter_2\" width=\"480\" height=\"360\" \/><\/a><\/p>\r\n<p>Teil 1 der Kampagne ist drau\u00dfen! Der zweite Teil folgt im neuen Jahr.<\/p>\r\n<br>\r\n<br>\r\n<br>\r\n<h5><b class=\"\">Palmengarten Frankfurt,<br>Veranstaltungsprogramm Winter 2016\/17<\/b><\/h5>\r\n<hr \/>\r\n<p><a href=\"http:\/\/christianschoen.com\/wp-content\/uploads\/2015\/12\/pg_winterprogramm_1617.jpg\"><img loading=\"lazy\" decoding=\"async\" class=\"alignnone size-full wp-image-473\" src=\"http:\/\/christianschoen.com\/wp-content\/uploads\/2015\/12\/pg_winterprogramm_1617.jpg\" alt=\"pg_winterprogramm_1617\" width=\"209\" height=\"452\" srcset=\"https:\/\/christianschoen.com\/wp-content\/uploads\/2015\/12\/pg_winterprogramm_1617.jpg 209w, https:\/\/christianschoen.com\/wp-content\/uploads\/2015\/12\/pg_winterprogramm_1617-139x300.jpg 139w\" sizes=\"auto, (max-width: 209px) 100vw, 209px\" \/><\/a><br \/>Gerade wird die fertige Reinzeichnung an die Druckerei \u00fcbertragen.<br \/>Julia Bernhard hat\u00a0illustriert, Julia Wittich hat sich um Layout und Satz gek\u00fcmmert.<br \/>Danke, Julia<span class=\"s1\"><sup>2<\/sup><\/span>!<\/p>\r\n<br>\r\n<br>\r\n<br>\r\n<h5><b class=\"\">Johanna Maria Fischer\u00a0<\/b><b class=\"\">\u201eDie Farbe des Windes\u201c<\/b><\/h5>\r\n<hr \/>\r\n<p><a href=\"http:\/\/christianschoen.com\/wp-content\/uploads\/2015\/12\/vl_farbedeswindes.jpg\"><img loading=\"lazy\" decoding=\"async\" class=\"alignnone size-full wp-image-468\" src=\"http:\/\/christianschoen.com\/wp-content\/uploads\/2015\/12\/vl_farbedeswindes.jpg\" alt=\"vl_farbedeswindes\" width=\"452\" height=\"640\" srcset=\"https:\/\/christianschoen.com\/wp-content\/uploads\/2015\/12\/vl_farbedeswindes.jpg 452w, https:\/\/christianschoen.com\/wp-content\/uploads\/2015\/12\/vl_farbedeswindes-212x300.jpg 212w\" sizes=\"auto, (max-width: 452px) 100vw, 452px\" \/><\/a><a href=\"http:\/\/christianschoen.com\/wp-content\/uploads\/2015\/12\/pg_news_winterlichter.jpg\"><br \/><\/a><\/p>\r\n<p class=\"p1\">Die Malereien\u00a0der Frankfurter K\u00fcnstlerin Johanna Maria Fischer zeigen in Licht und Bewegung getauchte Botanik. Es entstehen traumhafte Momentaufnahmen fokussierter Natur. Den Blick in den Himmel gerichtet, erlangen scheinbar banale Ausblicke eine neue, inszenierte Realit\u00e4t, in der die Farben des Windes h\u00f6rbar werden.<\/p>\r\n<p class=\"p1\">Ihre Arbeiten haben uns so fasziniert, dass wir\u00a0sie\u00a0in einer Ausstellung in der Villa Leonhardi im Palmengarten zeigen m\u00f6chten. Es ist die erste Ausstellung in einer neuen Reihe, die lokalen K\u00fcnstlerinnen und K\u00fcnstlern in der Villa eine B\u00fchne geben soll.<\/p>\r\n<br>\r\n<br>\r\n<br>\r\n<h5><b class=\"\">Palmengarten Frankfurt, Winterlichter 2016<\/b><\/h5>\r\n<hr \/>\r\n<p><a href=\"http:\/\/christianschoen.com\/wp-content\/uploads\/2015\/12\/pg_news_winterlichter_gelb.jpg\"><img loading=\"lazy\" decoding=\"async\" class=\"alignnone size-full wp-image-475\" src=\"http:\/\/christianschoen.com\/wp-content\/uploads\/2015\/12\/pg_news_winterlichter_gelb.jpg\" alt=\"pg_news_winterlichter_gelb\" width=\"905\" height=\"640\" srcset=\"https:\/\/christianschoen.com\/wp-content\/uploads\/2015\/12\/pg_news_winterlichter_gelb.jpg 905w, https:\/\/christianschoen.com\/wp-content\/uploads\/2015\/12\/pg_news_winterlichter_gelb-300x212.jpg 300w, https:\/\/christianschoen.com\/wp-content\/uploads\/2015\/12\/pg_news_winterlichter_gelb-768x543.jpg 768w\" sizes=\"auto, (max-width: 905px) 100vw, 905px\" \/><\/a><\/p>\r\n<p>Gro\u00dfe Ereignisse werfen ihre Lichter voraus:\u00a0Am 10. Dezember ist es wieder so weit \u2013 der K\u00fcnstler Wolfgang Flammersfeld illuminiert den Palmengarten. Wir haben eine neue Kampagne f\u00fcr die beliebten \u201eWinterlichter\u201c entwickelt und stecken gerade mitten in der Produktion.<\/p>\r\n<p><em>Fotograf: \u00a0Alexander \u00a0Paul Englert, Frankfurt<br \/><\/em><em>Model: Frau Schreiber, eine der tollsten Frauen der Stadt!<\/em><\/p>\r\n<br>\r\n<br>\r\n<br>\r\n<h5><b class=\"\">\u201eI am a flower now\u201c<\/b><\/h5>\r\n<hr \/>\r\n<p><a href=\"http:\/\/christianschoen.com\/wp-content\/uploads\/2015\/12\/supralive_1.jpg\"><img loading=\"lazy\" decoding=\"async\" class=\"alignnone size-full wp-image-458\" src=\"http:\/\/christianschoen.com\/wp-content\/uploads\/2015\/12\/supralive_1.jpg\" alt=\"supralive_1\" width=\"452\" height=\"452\" srcset=\"https:\/\/christianschoen.com\/wp-content\/uploads\/2015\/12\/supralive_1.jpg 452w, https:\/\/christianschoen.com\/wp-content\/uploads\/2015\/12\/supralive_1-150x150.jpg 150w, https:\/\/christianschoen.com\/wp-content\/uploads\/2015\/12\/supralive_1-300x300.jpg 300w\" sizes=\"auto, (max-width: 452px) 100vw, 452px\" \/><\/a><\/p>\r\n<p><a href=\"http:\/\/christianschoen.com\/wp-content\/uploads\/2015\/12\/supralive_2.jpg\"><img loading=\"lazy\" decoding=\"async\" class=\"alignnone size-full wp-image-459\" src=\"http:\/\/christianschoen.com\/wp-content\/uploads\/2015\/12\/supralive_2.jpg\" alt=\"supralive_2\" width=\"452\" height=\"452\" srcset=\"https:\/\/christianschoen.com\/wp-content\/uploads\/2015\/12\/supralive_2.jpg 452w, https:\/\/christianschoen.com\/wp-content\/uploads\/2015\/12\/supralive_2-150x150.jpg 150w, https:\/\/christianschoen.com\/wp-content\/uploads\/2015\/12\/supralive_2-300x300.jpg 300w\" sizes=\"auto, (max-width: 452px) 100vw, 452px\" \/><\/a><\/p>\r\n<p class=\"p1\"><span class=\"s1\">Gemeinsam mit Alex\u00a0<\/span><span class=\"s1\">Su\u00e1rez haben wir die interaktive Installation <\/span><span class=\"s1\">\u201eI am a flower now\u201c f\u00fcr die Ausstellung\u00a0<\/span>\u201e<span class=\"s1\">Bl\u00fcmchenSex\u201c in der Villa Leonhardi entwickelt. Sie entf\u00fchrt die Besucher in die Welt der Botanik und l\u00e4sst sie\u00a0dort selbst zu Blumen werden.<br \/><\/span><\/p>\r\n<p class=\"p1\"><em><span class=\"s1\">Die Installation entstand mit technischer Unterst\u00fctzung von Gregor Koch.<\/span><\/em><\/p>\r\n<br>\r\n<br>\r\n<br>\r\n<h5><b class=\"\">Stiftung Palmengarten und Botanischer Garten,\u00a0<\/b><b class=\"\">Fr\u00fchlingsball 2017<\/b><\/h5>\r\n<hr \/>\r\n<p><a href=\"http:\/\/christianschoen.com\/wp-content\/uploads\/2015\/12\/fb2017_TEASERplakat.jpg\"><img loading=\"lazy\" decoding=\"async\" class=\"alignnone size-full wp-image-456\" src=\"http:\/\/christianschoen.com\/wp-content\/uploads\/2015\/12\/fb2017_TEASERplakat.jpg\" alt=\"fb2017_teaserplakat\" width=\"452\" height=\"640\" srcset=\"https:\/\/christianschoen.com\/wp-content\/uploads\/2015\/12\/fb2017_TEASERplakat.jpg 452w, https:\/\/christianschoen.com\/wp-content\/uploads\/2015\/12\/fb2017_TEASERplakat-212x300.jpg 212w\" sizes=\"auto, (max-width: 452px) 100vw, 452px\" \/><\/a><br \/>Der Herbst steht vor der T\u00fcr und wir sind schon im Fr\u00fchling angekommen: zum dritten Mal in Folge gestalten wir die klassischen Kommunikationsmittel f\u00fcr den Fr\u00fchlingsball.<\/p>\r\n<p><em>Foto: Jan Steinhilber, Hamburg<\/em><\/p>\r\n<br>\r\n<br>\r\n<br>\r\n<h5><b class=\"\">Palmengarten Frankfurt,\u00a0<\/b><b class=\"\">Blumen des Herbstes<\/b><\/h5>\r\n<hr \/>\r\n<p><a href=\"http:\/\/christianschoen.com\/wp-content\/uploads\/2015\/12\/pg_blumendesherbstes.jpg\"><img loading=\"lazy\" decoding=\"async\" class=\"alignnone size-full wp-image-434\" src=\"http:\/\/christianschoen.com\/wp-content\/uploads\/2015\/12\/pg_blumendesherbstes.jpg\" alt=\"pg_blumendesherbstes\" width=\"452\" height=\"640\" srcset=\"https:\/\/christianschoen.com\/wp-content\/uploads\/2015\/12\/pg_blumendesherbstes.jpg 452w, https:\/\/christianschoen.com\/wp-content\/uploads\/2015\/12\/pg_blumendesherbstes-212x300.jpg 212w\" sizes=\"auto, (max-width: 452px) 100vw, 452px\" \/><\/a><br \/>Nach den Rosen erblickt\u00a0nun endlich unser zweites Motiv f\u00fcr eine Blumenschau\u00a0das Tageslicht: die Blumen des Herbstes!<\/p>\r\n<p><em>Foto: Jan Steinhilber, Hamburg<\/em><\/p>\r\n<br>\r\n<br>\r\n<br>\r\n<h5><b class=\"\">Herbst im Palmengarten Frankfurt<\/b><\/h5>\r\n<hr \/>\r\n<p><a href=\"http:\/\/christianschoen.com\/wp-content\/uploads\/2015\/12\/pg_herbstfest_1.jpg\"><img loading=\"lazy\" decoding=\"async\" class=\"alignnone size-full wp-image-429\" src=\"http:\/\/christianschoen.com\/wp-content\/uploads\/2015\/12\/pg_herbstfest_1.jpg\" alt=\"pg_herbstfest_1\" width=\"452\" height=\"640\" srcset=\"https:\/\/christianschoen.com\/wp-content\/uploads\/2015\/12\/pg_herbstfest_1.jpg 452w, https:\/\/christianschoen.com\/wp-content\/uploads\/2015\/12\/pg_herbstfest_1-212x300.jpg 212w\" sizes=\"auto, (max-width: 452px) 100vw, 452px\" \/><\/a><a href=\"http:\/\/christianschoen.com\/wp-content\/uploads\/2015\/12\/roses_teaser_goethe.jpg\"><br \/><\/a><a href=\"http:\/\/christianschoen.com\/wp-content\/uploads\/2015\/12\/pg_herbstfest_2.jpg\"><img loading=\"lazy\" decoding=\"async\" class=\"alignnone size-full wp-image-430\" src=\"http:\/\/christianschoen.com\/wp-content\/uploads\/2015\/12\/pg_herbstfest_2.jpg\" alt=\"pg_herbstfest_2\" width=\"452\" height=\"640\" srcset=\"https:\/\/christianschoen.com\/wp-content\/uploads\/2015\/12\/pg_herbstfest_2.jpg 452w, https:\/\/christianschoen.com\/wp-content\/uploads\/2015\/12\/pg_herbstfest_2-212x300.jpg 212w\" sizes=\"auto, (max-width: 452px) 100vw, 452px\" \/><\/a><br \/>S\u00fc\u00dfes oder Saures? Die Herbstkampagne f\u00fcr den Palmengarten ist drau\u00dfen und l\u00e4dt die ganze Familie in den Palmengarten ein.<\/p>\r\n<p><em>Styling: Nicola Dworok, Frankfurt<br \/><\/em><em>Foto: Alexander Paul Englert,\u00a0Frankfurt<\/em><\/p>\r\n<br>\r\n<br>\r\n<br>\r\n<h5><b class=\"\">Palmengarten Frankfurt, Roses<\/b><\/h5>\r\n<hr \/>\r\n<p><a href=\"http:\/\/christianschoen.com\/wp-content\/uploads\/2015\/12\/roses_teaser_goethe.jpg\"><img loading=\"lazy\" decoding=\"async\" class=\"alignnone size-full wp-image-334\" src=\"http:\/\/christianschoen.com\/wp-content\/uploads\/2015\/12\/roses_teaser_goethe.jpg\" alt=\"roses_teaser_goethe\" width=\"905\" height=\"640\" srcset=\"https:\/\/christianschoen.com\/wp-content\/uploads\/2015\/12\/roses_teaser_goethe.jpg 905w, https:\/\/christianschoen.com\/wp-content\/uploads\/2015\/12\/roses_teaser_goethe-300x212.jpg 300w, https:\/\/christianschoen.com\/wp-content\/uploads\/2015\/12\/roses_teaser_goethe-768x543.jpg 768w\" sizes=\"auto, (max-width: 905px) 100vw, 905px\" \/><\/a><br \/>The traditional \u201cRoses Exhibition and Festival\u201d is the Palmengarten&#8217;s major annual flower show. Three days of celebration around the \u2018Queen of Flowers\u2019. Guests are welcome to enjoy exquisite foods, concerts, films, guided tours, lectures, children&#8217;s programs etc.<br \/>We were challenged to create a new look for the flower shows and to come up with ambient ideas to make people curious about the upcoming festival. Our idea will come to life on Friday, 3rd June at Goetheplatz. 11am \u2013 be there!<\/p>\r\n<br>\r\n<br>\r\n<br>\r\n<h5><b class=\"\">Palmengarten Frankfurt, Sonderausstellung \u201eLebensraum Savanne\u201d<\/b><\/h5>\r\n<hr \/>\r\n<p><a href=\"http:\/\/christianschoen.com\/wp-content\/uploads\/2015\/12\/giphy_SCS.gif\"><img loading=\"lazy\" decoding=\"async\" width=\"905\" height=\"640\" class=\"alignnone wp-image-335\" src=\"http:\/\/christianschoen.com\/wp-content\/uploads\/2015\/12\/giphy_SCS.gif\" alt=\"giphy_SCS\" \/><\/a><\/p>\r\n<p>Die Plakatkampagne f\u00fcr die Sonderausstellung \u201eLebensraum Savanne\u201d ist drau\u00dfen und wirft einige Fragen auf. Die Antworten liefert gl\u00fccklicherweise die Sonderausstellung\u00a0im Palmengarten.<\/p>\r\n<br>\r\n<br>\r\n<br>\r\n<h5><b class=\"\">Villa Leonhardi at Palmengarten<\/b><\/h5>\r\n<hr \/>\r\n<p><a href=\"http:\/\/christianschoen.com\/wp-content\/uploads\/2015\/12\/bluemchensex.jpg\"><img loading=\"lazy\" decoding=\"async\" width=\"905\" height=\"640\" class=\"alignnone size-full wp-image-336\" src=\"http:\/\/christianschoen.com\/wp-content\/uploads\/2015\/12\/bluemchensex.jpg\" alt=\"bluemchensex\" srcset=\"https:\/\/christianschoen.com\/wp-content\/uploads\/2015\/12\/bluemchensex.jpg 905w, https:\/\/christianschoen.com\/wp-content\/uploads\/2015\/12\/bluemchensex-300x212.jpg 300w, https:\/\/christianschoen.com\/wp-content\/uploads\/2015\/12\/bluemchensex-768x543.jpg 768w\" sizes=\"auto, (max-width: 905px) 100vw, 905px\" \/><\/a><\/p>\r\n<p>I&#8217;m curating my first exhibition. Bl\u00fcmchenSex \u2013 a show at Villa Leonhardi exploring the tension between eroticism and botany.<br \/>Flowers are all about sensuality \u2013 they beguile us with their erotic fragrance, colourful charm and fragile beauty. They have huge symbolism when it comes to intimate relationships. They are among the most popular phenomena in the world, simply because the art of seduction just isn\u2019t quite the same without them.<\/p>\r\n<p>The exhibition starts July 7, 2016. It includes the work of 12 artists and it\u2019ll feature photography, installation, tattoo art and illustration.<br \/>Hope to see you there.<\/p>\r\n<p><a href=\"http:\/\/christianschoen.com\/wp-content\/uploads\/2015\/12\/VL_interior.jpg\"><img loading=\"lazy\" decoding=\"async\" class=\"alignnone size-full wp-image-337\" src=\"http:\/\/christianschoen.com\/wp-content\/uploads\/2015\/12\/VL_interior.jpg\" alt=\"VL_interior\" width=\"905\" height=\"640\" srcset=\"https:\/\/christianschoen.com\/wp-content\/uploads\/2015\/12\/VL_interior.jpg 905w, https:\/\/christianschoen.com\/wp-content\/uploads\/2015\/12\/VL_interior-300x212.jpg 300w, https:\/\/christianschoen.com\/wp-content\/uploads\/2015\/12\/VL_interior-768x543.jpg 768w\" sizes=\"auto, (max-width: 905px) 100vw, 905px\" \/><\/a><\/p>\r\n<p>We just finished the interior design concept for Villa Leonhardi. The realisation will start by mid of June.<\/p>\r\n<br>\r\n<br>\r\n<br>\r\n<h5><b class=\"\">Villa Leonhardi at Palmengarten<\/b><\/h5>\r\n<hr \/>\r\n<p><img loading=\"lazy\" decoding=\"async\" class=\"alignnone size-full wp-image-312\" src=\"http:\/\/christianschoen.com\/wp-content\/uploads\/2015\/12\/vl_opening.jpg\" alt=\"vl_opening\" width=\"905\" height=\"640\" srcset=\"https:\/\/christianschoen.com\/wp-content\/uploads\/2015\/12\/vl_opening.jpg 905w, https:\/\/christianschoen.com\/wp-content\/uploads\/2015\/12\/vl_opening-300x212.jpg 300w, https:\/\/christianschoen.com\/wp-content\/uploads\/2015\/12\/vl_opening-768x543.jpg 768w\" sizes=\"auto, (max-width: 905px) 100vw, 905px\" \/><\/p>\r\n<p>A\u00a0house\u00a0on the Grass,\u00a0which\u00a0has\u00a0already been at two\u00a0other\u00a0places.\u00a0A\u00a0piece\u00a0of\u00a0Frankfurt\u00a0for\u00a0all\u00a0and\u00a0all\u00a0generations.\u00a0A\u00a0location\u00a0that\u00a0is\u00a0a\u00a0restaurant\u00a0and\u00a0also\u00a0a\u00a0platform for staging life.<br class=\"\" \/>A\u00a0space\u00a0where\u00a0different\u00a0people\u00a0meet. And a playground for\u00a0an\u00a0extraordinary\u00a0cultural offer.\u00a0It\u2019s reopened as a pop-up location for the next three years. You\u2019re welcome!<\/p>\r\n<div class=\"\">(We did the concept together with architects and event agency and we\u2019re working on the visual identity. Currently we\u2019re curating the first exhibition.)<\/div>\r\n<br>\r\n<br>\r\n<br>\r\n<h5><b class=\"\">Palmengarten Frankfurt<\/b><\/h5>\r\n<hr \/>\r\n<p><b class=\"\"><img loading=\"lazy\" decoding=\"async\" class=\"alignnone size-full wp-image-311\" src=\"http:\/\/christianschoen.com\/wp-content\/uploads\/2015\/12\/pg_news_etat.jpg\" alt=\"pg_news_etat\" width=\"905\" height=\"640\" srcset=\"https:\/\/christianschoen.com\/wp-content\/uploads\/2015\/12\/pg_news_etat.jpg 905w, https:\/\/christianschoen.com\/wp-content\/uploads\/2015\/12\/pg_news_etat-300x212.jpg 300w, https:\/\/christianschoen.com\/wp-content\/uploads\/2015\/12\/pg_news_etat-768x543.jpg 768w\" sizes=\"auto, (max-width: 905px) 100vw, 905px\" \/><br \/><\/b><\/p>\r\n<p>Finally we took over the whole bundle!\u00a0<br class=\"\" \/>At the moment we\u2019re refreshing the visual identity and are working on new forms of advertising for the most beautiful garden ever. First work will be out in May.<\/p>\r\n<br>\r\n<br>\r\n<br>\r\n<h5><b class=\"\">RAYCOON<\/b><\/h5>\r\n<hr \/>\r\n<p><a href=\"http:\/\/christianschoen.com\/wp-content\/uploads\/2015\/12\/raycoon_etat_news.jpg\"><img loading=\"lazy\" decoding=\"async\" class=\"alignnone size-full wp-image-321\" src=\"http:\/\/christianschoen.com\/wp-content\/uploads\/2015\/12\/raycoon_etat_news.jpg\" alt=\"raycoon_etat_news\" width=\"905\" height=\"640\" srcset=\"https:\/\/christianschoen.com\/wp-content\/uploads\/2015\/12\/raycoon_etat_news.jpg 905w, https:\/\/christianschoen.com\/wp-content\/uploads\/2015\/12\/raycoon_etat_news-300x212.jpg 300w, https:\/\/christianschoen.com\/wp-content\/uploads\/2015\/12\/raycoon_etat_news-768x543.jpg 768w\" sizes=\"auto, (max-width: 905px) 100vw, 905px\" \/><\/a><\/p>\r\n<p>Those guys make IT work. And we\u2019re designing a visual identity for the brand, a stationery and a homepage. Please check out the results by end of July.<\/p>\r\n<br>\r\n<br>\r\n<br>\r\n<h5 class=\"p1\"><span style=\"color: #ffffff;\"><\/span>Botanischer Garten Frankfurt<\/h5>\r\n<hr \/>\r\n<p><img loading=\"lazy\" decoding=\"async\" class=\"alignnone size-full wp-image-310\" src=\"http:\/\/christianschoen.com\/wp-content\/uploads\/2015\/12\/bg_barrierefreiheit_news.jpg\" alt=\"bg_barrierefreiheit_news\" width=\"905\" height=\"640\" srcset=\"https:\/\/christianschoen.com\/wp-content\/uploads\/2015\/12\/bg_barrierefreiheit_news.jpg 905w, https:\/\/christianschoen.com\/wp-content\/uploads\/2015\/12\/bg_barrierefreiheit_news-300x212.jpg 300w, https:\/\/christianschoen.com\/wp-content\/uploads\/2015\/12\/bg_barrierefreiheit_news-768x543.jpg 768w\" sizes=\"auto, (max-width: 905px) 100vw, 905px\" \/><\/p>\r\n<p>We\u2019re working on a concept to make Senckenberg\u2019s medicinal plants garden barrier-free for blind and\u00a0partially\u00a0sighted\u00a0people.\u00a0It\u2019s an experiment. If it works it will be the prototype for the entire garden. We\u2019re happy to be part of the team!<\/p>\r\n<br>\r\n<br>\r\n<br>\r\n<h5><strong>Foundation Palmengarten und Botanischer Garten Frankfurt am Main, Spring Ball 2016<\/strong><\/h5>\r\n<hr \/>\r\n<p>The foundation Palmengarten und Botanischer Garten Frankfurt am Main asked me to create new designs for their upcoming Spring Ball. We just finished the key visual. Here it is!<\/p>\r\n<p><a href=\"http:\/\/christianschoen.com\/wp-content\/uploads\/2015\/12\/fb2016_plakat_452.jpg\"><img loading=\"lazy\" decoding=\"async\" class=\"alignnone wp-image-124 size-full\" src=\"http:\/\/christianschoen.com\/wp-content\/uploads\/2015\/12\/fb2016_plakat_452.jpg\" alt=\"fb2016_plakat_452\" width=\"452\" height=\"640\" srcset=\"https:\/\/christianschoen.com\/wp-content\/uploads\/2015\/12\/fb2016_plakat_452.jpg 452w, https:\/\/christianschoen.com\/wp-content\/uploads\/2015\/12\/fb2016_plakat_452-212x300.jpg 212w\" sizes=\"auto, (max-width: 452px) 100vw, 452px\" \/><\/a>Warmth against coldness, light and color against darkness \u2013 feel spring 2016.<\/p>\r\n<br>\r\n<br>\r\n<br>\r\n<h5><strong>Palmengarten Frankfurt, <\/strong><br \/><strong> hoarding banner<\/strong><\/h5>\r\n<hr \/>\r\n<p>Probably the longest caterpillars in the world just arrived at Palmengarten Frankfurt. They are now decorating a hoarding fence in the beautiful botanical garden and appologize for the construction noise.<br \/>The first hoarding banners I ever designed \u2013 it&#8217;s fun!<\/p>\r\n<p><a href=\"http:\/\/christianschoen.com\/wp-content\/uploads\/2015\/12\/raupe_1_1000.jpg\"><img loading=\"lazy\" decoding=\"async\" class=\"alignnone wp-image-129 size-full\" src=\"http:\/\/christianschoen.com\/wp-content\/uploads\/2015\/12\/raupe_1_1000.jpg\" alt=\"raupe_1_1000\" width=\"1000\" height=\"750\" srcset=\"https:\/\/christianschoen.com\/wp-content\/uploads\/2015\/12\/raupe_1_1000.jpg 1000w, https:\/\/christianschoen.com\/wp-content\/uploads\/2015\/12\/raupe_1_1000-300x225.jpg 300w\" sizes=\"auto, (max-width: 1000px) 100vw, 1000px\" \/><\/a><\/p>\r\n<p><a href=\"http:\/\/christianschoen.com\/wp-content\/uploads\/2015\/12\/raupe_2_1000.jpg\"><img loading=\"lazy\" decoding=\"async\" class=\"alignnone wp-image-130 size-full\" src=\"http:\/\/christianschoen.com\/wp-content\/uploads\/2015\/12\/raupe_2_1000.jpg\" alt=\"raupe_2_1000\" width=\"1000\" height=\"750\" srcset=\"https:\/\/christianschoen.com\/wp-content\/uploads\/2015\/12\/raupe_2_1000.jpg 1000w, https:\/\/christianschoen.com\/wp-content\/uploads\/2015\/12\/raupe_2_1000-300x225.jpg 300w\" sizes=\"auto, (max-width: 1000px) 100vw, 1000px\" \/><\/a><\/p>\r\n<p><a href=\"http:\/\/christianschoen.com\/wp-content\/uploads\/2015\/12\/raupe_3_1000.jpg\"><img loading=\"lazy\" decoding=\"async\" class=\"alignnone wp-image-131 size-full\" src=\"http:\/\/christianschoen.com\/wp-content\/uploads\/2015\/12\/raupe_3_1000.jpg\" alt=\"raupe_3_1000\" width=\"1000\" height=\"750\" srcset=\"https:\/\/christianschoen.com\/wp-content\/uploads\/2015\/12\/raupe_3_1000.jpg 1000w, https:\/\/christianschoen.com\/wp-content\/uploads\/2015\/12\/raupe_3_1000-300x225.jpg 300w\" sizes=\"auto, (max-width: 1000px) 100vw, 1000px\" \/><\/a><\/p>\r\n<p><a href=\"http:\/\/christianschoen.com\/wp-content\/uploads\/2015\/12\/raupe_4_1000.jpg\"><img loading=\"lazy\" decoding=\"async\" class=\"alignnone wp-image-132 size-full\" src=\"http:\/\/christianschoen.com\/wp-content\/uploads\/2015\/12\/raupe_4_1000.jpg\" alt=\"raupe_4_1000\" width=\"1000\" height=\"750\" srcset=\"https:\/\/christianschoen.com\/wp-content\/uploads\/2015\/12\/raupe_4_1000.jpg 1000w, https:\/\/christianschoen.com\/wp-content\/uploads\/2015\/12\/raupe_4_1000-300x225.jpg 300w\" sizes=\"auto, (max-width: 1000px) 100vw, 1000px\" \/><\/a><\/p>\r\n<br>\r\n<br>\r\n<br>\r\n<h5><strong>Jazzunique, redesign visual identity<\/strong><\/h5>\r\n<hr \/>\r\n<p>Working on the visual identity of Jazzunique I created a new typeface called &#8222;Brush Unique&#8220;. It&#8217;s a handwritten typeface mostly for decorative use. Further it helps to make the company&#8217;s communication look a bit more personal. The typeface is used on- and offline.<\/p>\r\n<p><a href=\"http:\/\/christianschoen.com\/wp-content\/uploads\/2015\/12\/JU_scriptur_01_452.jpg\"><img loading=\"lazy\" decoding=\"async\" class=\"alignnone wp-image-125 size-full\" src=\"http:\/\/christianschoen.com\/wp-content\/uploads\/2015\/12\/JU_scriptur_01_452.jpg\" alt=\"JU_scriptur_01_452\" width=\"452\" height=\"321\" srcset=\"https:\/\/christianschoen.com\/wp-content\/uploads\/2015\/12\/JU_scriptur_01_452.jpg 452w, https:\/\/christianschoen.com\/wp-content\/uploads\/2015\/12\/JU_scriptur_01_452-300x213.jpg 300w\" sizes=\"auto, (max-width: 452px) 100vw, 452px\" \/><\/a><\/p>\r\n<p><a href=\"http:\/\/christianschoen.com\/wp-content\/uploads\/2015\/12\/JU_scriptur_02_452.jpg\"><img loading=\"lazy\" decoding=\"async\" class=\"alignnone wp-image-126 size-full\" src=\"http:\/\/christianschoen.com\/wp-content\/uploads\/2015\/12\/JU_scriptur_02_452.jpg\" alt=\"JU_scriptur_02_452\" width=\"452\" height=\"321\" srcset=\"https:\/\/christianschoen.com\/wp-content\/uploads\/2015\/12\/JU_scriptur_02_452.jpg 452w, https:\/\/christianschoen.com\/wp-content\/uploads\/2015\/12\/JU_scriptur_02_452-300x213.jpg 300w\" sizes=\"auto, (max-width: 452px) 100vw, 452px\" \/><\/a><\/p>\r\n<p><a href=\"http:\/\/christianschoen.com\/wp-content\/uploads\/2015\/12\/JU_scriptur_03_452.jpg\"><img loading=\"lazy\" decoding=\"async\" class=\"alignnone wp-image-127 size-full\" src=\"http:\/\/christianschoen.com\/wp-content\/uploads\/2015\/12\/JU_scriptur_03_452.jpg\" alt=\"JU_scriptur_03_452\" width=\"452\" height=\"321\" srcset=\"https:\/\/christianschoen.com\/wp-content\/uploads\/2015\/12\/JU_scriptur_03_452.jpg 452w, https:\/\/christianschoen.com\/wp-content\/uploads\/2015\/12\/JU_scriptur_03_452-300x213.jpg 300w\" sizes=\"auto, (max-width: 452px) 100vw, 452px\" \/><\/a><\/p>\r\n<br>\r\n<br>\r\n<br>\r\n<h5><strong>Alte Oper \/ Palmengarten Frankfurt, <\/strong><br \/><strong> new visual identity for a cooperation project<\/strong><\/h5>\r\n<hr \/>\r\n<p>Currently I&#8217;m working on a visual identity concept for a new series of concerts. It&#8217;s a cooperation between Alte Oper Frankfurt and Palmengarten Frankfurt. The project includes creating an unique visual identity as well as print and online advertising.<\/p>\r\n<p>The first event is a combination of a concert by the Venice Baroque Orchestra and the outstanding exhibition of roses which is an annual highlight of the Palmengarten.<\/p>\r\n<p><a href=\"http:\/\/christianschoen.com\/wp-content\/uploads\/2015\/12\/pg_rosenserenade_01_452.jpg\"><img loading=\"lazy\" decoding=\"async\" class=\"alignnone wp-image-128 size-full\" src=\"http:\/\/christianschoen.com\/wp-content\/uploads\/2015\/12\/pg_rosenserenade_01_452.jpg\" alt=\"pg_rosenserenade_01_452\" width=\"452\" height=\"640\" srcset=\"https:\/\/christianschoen.com\/wp-content\/uploads\/2015\/12\/pg_rosenserenade_01_452.jpg 452w, https:\/\/christianschoen.com\/wp-content\/uploads\/2015\/12\/pg_rosenserenade_01_452-212x300.jpg 212w\" sizes=\"auto, (max-width: 452px) 100vw, 452px\" \/><\/a><\/p>\r\n<p>There\u2019s more to come. Stay tuned!<\/p>","protected":false},"excerpt":{"rendered":"<p>eyeye, Image Trailer Nach mehr als zwei Dekaden erfolgreicher Markenkommunikation war es an der Zeit, sich neu zu erfinden. Mit eyeye hat Christian Sch\u00f6n ein weiteres Studio gegr\u00fcndet. eyeye ist Werbeagentur, modernes Labor und traditionelle Werkstatt zugleich. Hier entstehen durch die Verschmelzung von menschlicher Kreativit\u00e4t und K\u00fcnstlicher Intelligenz (KI) au\u00dfergew\u00f6hnliche Marken und Werbekampagnen. Ob kleines&hellip;<\/p>\n","protected":false},"author":4,"featured_media":1466,"comment_status":"closed","ping_status":"closed","sticky":false,"template":"","format":"standard","meta":{"footnotes":""},"categories":[4],"tags":[],"class_list":["post-116","post","type-post","status-publish","format-standard","has-post-thumbnail","hentry","category-home","post-grid-4-col","entry"],"_links":{"self":[{"href":"https:\/\/christianschoen.com\/index.php?rest_route=\/wp\/v2\/posts\/116","targetHints":{"allow":["GET"]}}],"collection":[{"href":"https:\/\/christianschoen.com\/index.php?rest_route=\/wp\/v2\/posts"}],"about":[{"href":"https:\/\/christianschoen.com\/index.php?rest_route=\/wp\/v2\/types\/post"}],"author":[{"embeddable":true,"href":"https:\/\/christianschoen.com\/index.php?rest_route=\/wp\/v2\/users\/4"}],"replies":[{"embeddable":true,"href":"https:\/\/christianschoen.com\/index.php?rest_route=%2Fwp%2Fv2%2Fcomments&post=116"}],"version-history":[{"count":349,"href":"https:\/\/christianschoen.com\/index.php?rest_route=\/wp\/v2\/posts\/116\/revisions"}],"predecessor-version":[{"id":1983,"href":"https:\/\/christianschoen.com\/index.php?rest_route=\/wp\/v2\/posts\/116\/revisions\/1983"}],"wp:featuredmedia":[{"embeddable":true,"href":"https:\/\/christianschoen.com\/index.php?rest_route=\/wp\/v2\/media\/1466"}],"wp:attachment":[{"href":"https:\/\/christianschoen.com\/index.php?rest_route=%2Fwp%2Fv2%2Fmedia&parent=116"}],"wp:term":[{"taxonomy":"category","embeddable":true,"href":"https:\/\/christianschoen.com\/index.php?rest_route=%2Fwp%2Fv2%2Fcategories&post=116"},{"taxonomy":"post_tag","embeddable":true,"href":"https:\/\/christianschoen.com\/index.php?rest_route=%2Fwp%2Fv2%2Ftags&post=116"}],"curies":[{"name":"wp","href":"https:\/\/api.w.org\/{rel}","templated":true}]}}