{"id":649,"date":"2018-04-11T15:08:05","date_gmt":"2018-04-11T15:08:05","guid":{"rendered":"http:\/\/christianschoen.com\/?p=649"},"modified":"2022-02-07T10:46:03","modified_gmt":"2022-02-07T10:46:03","slug":"botanischer-garten-frankfurt-am-main","status":"publish","type":"post","link":"https:\/\/christianschoen.com\/?p=649","title":{"rendered":"Botanischer Garten Frankfurt am Main"},"content":{"rendered":"<h5><b class=\"\">Botanischer Garten Frankfurt am Main,<br \/>\nBarrierefreiheit f\u00fcr blinde und sehbehinderte Besucher*innen<br \/>\n<\/b><\/h5>\n<hr \/>\n<p class=\"p1\"><a href=\"http:\/\/christianschoen.com\/wp-content\/uploads\/2018\/04\/PK_Barrierefreiheit_120418_web-1.jpg\"><img loading=\"lazy\" decoding=\"async\" class=\"alignnone size-full wp-image-698\" src=\"http:\/\/christianschoen.com\/wp-content\/uploads\/2018\/04\/PK_Barrierefreiheit_120418_web-1.jpg\" alt=\"\" width=\"905\" height=\"679\" srcset=\"https:\/\/christianschoen.com\/wp-content\/uploads\/2018\/04\/PK_Barrierefreiheit_120418_web-1.jpg 905w, https:\/\/christianschoen.com\/wp-content\/uploads\/2018\/04\/PK_Barrierefreiheit_120418_web-1-300x225.jpg 300w, https:\/\/christianschoen.com\/wp-content\/uploads\/2018\/04\/PK_Barrierefreiheit_120418_web-1-768x576.jpg 768w\" sizes=\"auto, (max-width: 905px) 100vw, 905px\" \/><\/a><\/p>\n<p class=\"p1\">Der Senckenbergische Arzneipflanzengarten soll fu\u0308r blinde und sehbehinderte Menschen in Form eines Rundgangs erlebbar und zug\u00e4nglich gemacht werden. Unser Ziel ist es, nicht nur eine Bereicherung fu\u0308r blinde und sehbehinderte Menschen zu schaffen, sondern auch das Angebot der Gartenanlage fu\u0308r Sehende zu erweitern.<\/p>\n<p class=\"p1\">Es gilt, eine intelligente Verknu\u0308pfung zwischen Technik und Inhalt zu finden, die unser Thema bestm\u00f6glich inszeniert, benutzerfreundlich und gleichzeitig \u00f6konomisch effizient ist. Au\u00dferdem soll die Sch\u00f6nheit des Gartens erhalten und unterstrichen werden.<\/p>\n<p class=\"p1\">Es ist ein Pilotprojekt. Wenn es von den Besuchern angenommen wird, dient es als Basis fu\u0308r die weitere Erschlie\u00dfung des Botanischen Gartens und auch des Palmengartens.<\/p>\n<p><strong>Die drei S\u00e4ulen der Barrierefreiheit im Botanischen Garten<br \/>\n<\/strong><\/p>\n<hr \/>\n<ol>\n<li>Ein App mit integriertem Audioguide fu\u0308hrt durch die Anlage und vermittelt Wissenswertes \u00fcber die vielf\u00e4ltige Botanik. Fu\u0308r alle, die tiefer in die Materie eintauchen m\u00f6chten, stellt die App erg\u00e4nzendes Wissen u\u0308ber einzelne Pflanzen zur Verfu\u0308gung.<\/li>\n<li class=\"p1\">Ein Bodenleitsystem\u00a0mit\u00a0Aufmerksamkeitsstreifen weist auf einzelne Stationen hin.<\/li>\n<li class=\"p1\">Barrierearme visuelle und taktile Infotafeln liefern u\u0308bergeordnete Inhalte und Lagepl\u00e4ne. Sie dienen erg\u00e4nzend zum Audioguide der Orientierung innerhalb der Anlage.<\/li>\n<\/ol>\n<div>\n<\/br><\/p>\n<div><em><\/br>Die Bausteine der Barrierefreiheit f\u00fcr blinde und sehbehinderte Menschen im \u00dcberblick.<\/em><\/div>\n<\/div>\n<p><\/br><br \/>\n<\/br><\/p>\n<h5><strong>Botanischer Garten Frankfurt am Main,<\/strong><br \/>\n<strong> Das\u00a0neues Corporate Design<\/strong><\/h5>\n<hr \/>\n<p class=\"p1\"><a href=\"http:\/\/christianschoen.com\/wp-content\/uploads\/2018\/04\/Logoanimation_BG-FFM.gif\"><img loading=\"lazy\" decoding=\"async\" class=\"alignnone size-full wp-image-652\" src=\"http:\/\/christianschoen.com\/wp-content\/uploads\/2018\/04\/Logoanimation_BG-FFM.gif\" alt=\"\" width=\"400\" height=\"154\" \/><\/a><\/p>\n<p class=\"p1\">Im Zuge der Arbeiten an der Barrierefreiheit haben wir ein neues Corporate Design f\u00fcr den Botanischen Garten Frankfurt am Main entwickelt. Es richtet sich nicht nur an die sehenden Besucher*innen, sondern schlie\u00dft auch die blinden und sehbehinderten mit ein.<\/p>\n<p class=\"p1\">Wir haben einen Weg gesucht, das Logo f\u00fcr alle wahrnehmbar zu gestalten. Der Entwurf ist schriftbasiert und kann so von einer VoiceOver-Funktion erfasst und vorgelesen werden. Und so klingt das neue Logo.<\/p>\n<p><\/br><br \/>\n<iframe loading=\"lazy\" src=\"https:\/\/player.vimeo.com\/video\/264616499?title=0&amp;byline=0&amp;portrait=0\" width=\"905\" height=\"509\" frameborder=\"0\" allowfullscreen=\"allowfullscreen\"><\/iframe><\/br><\/p>\n<p class=\"p1\">Die Typografie wurde speziell auf die Bed\u00fcrfnisse sehbehinderter Menschen abgestimmt. Obwohl barrierearme Gestaltung den Designer stark limitiert, war es unser Ziel, mit einfachen Mitteln eine spannende Inszenierung der Inhalte zu erreichen. Fest definierte Gr\u00f6\u00dfenverh\u00e4ltnisse der Schrift in Erg\u00e4nzung mit einem schlichten Linienelement \u00fcberzeugen.<\/p>\n<p><\/br><\/p>\n<div><em><\/br>Das neue Corporate Design des Botanischen Gartens Frankfurt am Main<\/em><\/div>\n<p><\/br><\/p>\n<div class=\"n2-td n2-first\">\n<div class=\"n2-code\">\n<br \/>\n<em>Das Jahresprogramm 2018<\/em><\/p>\n<\/div>\n<\/div>\n<p><\/b><\/h5>\n<p><\/b><\/p>\n<\/p>\n<div class=\"n2-code\"><em>Fotos: Dennis Br\u00fccher \/ Studio Christian Sch\u00f6n<\/em><\/div>\n<p><\/br><br \/>\nEin herzliches Dankesch\u00f6n an Manfred Wessel, technischer Leiter des Botanischen Gartens Frankfurt am Main, f\u00fcr die gute Zusammenarbeit!<\/b><\/h5>\n","protected":false},"excerpt":{"rendered":"<p>Botanischer Garten Frankfurt am Main, Barrierefreiheit f\u00fcr blinde und sehbehinderte Besucher*innen Der Senckenbergische Arzneipflanzengarten soll fu\u0308r blinde und sehbehinderte Menschen in Form eines Rundgangs erlebbar und zug\u00e4nglich gemacht werden. Unser Ziel ist es, nicht nur eine Bereicherung fu\u0308r blinde und sehbehinderte Menschen zu schaffen, sondern auch das Angebot der Gartenanlage fu\u0308r Sehende zu erweitern. Es&hellip;<\/p>\n","protected":false},"author":4,"featured_media":651,"comment_status":"closed","ping_status":"closed","sticky":false,"template":"","format":"standard","meta":{"footnotes":""},"categories":[4],"tags":[],"class_list":["post-649","post","type-post","status-publish","format-standard","has-post-thumbnail","hentry","category-home","post-grid-4-col","entry"],"_links":{"self":[{"href":"https:\/\/christianschoen.com\/index.php?rest_route=\/wp\/v2\/posts\/649","targetHints":{"allow":["GET"]}}],"collection":[{"href":"https:\/\/christianschoen.com\/index.php?rest_route=\/wp\/v2\/posts"}],"about":[{"href":"https:\/\/christianschoen.com\/index.php?rest_route=\/wp\/v2\/types\/post"}],"author":[{"embeddable":true,"href":"https:\/\/christianschoen.com\/index.php?rest_route=\/wp\/v2\/users\/4"}],"replies":[{"embeddable":true,"href":"https:\/\/christianschoen.com\/index.php?rest_route=%2Fwp%2Fv2%2Fcomments&post=649"}],"version-history":[{"count":82,"href":"https:\/\/christianschoen.com\/index.php?rest_route=\/wp\/v2\/posts\/649\/revisions"}],"predecessor-version":[{"id":1831,"href":"https:\/\/christianschoen.com\/index.php?rest_route=\/wp\/v2\/posts\/649\/revisions\/1831"}],"wp:featuredmedia":[{"embeddable":true,"href":"https:\/\/christianschoen.com\/index.php?rest_route=\/wp\/v2\/media\/651"}],"wp:attachment":[{"href":"https:\/\/christianschoen.com\/index.php?rest_route=%2Fwp%2Fv2%2Fmedia&parent=649"}],"wp:term":[{"taxonomy":"category","embeddable":true,"href":"https:\/\/christianschoen.com\/index.php?rest_route=%2Fwp%2Fv2%2Fcategories&post=649"},{"taxonomy":"post_tag","embeddable":true,"href":"https:\/\/christianschoen.com\/index.php?rest_route=%2Fwp%2Fv2%2Ftags&post=649"}],"curies":[{"name":"wp","href":"https:\/\/api.w.org\/{rel}","templated":true}]}}